{"id":2915,"date":"2024-08-02T13:41:03","date_gmt":"2024-08-02T13:41:03","guid":{"rendered":"https:\/\/brandliebe.com\/9-symptome-der-dunklen-nacht-der-seele\/"},"modified":"2024-08-03T13:50:07","modified_gmt":"2024-08-03T13:50:07","slug":"9-symptome-der-dunklen-nacht-der-seele","status":"publish","type":"post","link":"https:\/\/brandliebe.com\/de\/9-symptome-der-dunklen-nacht-der-seele\/","title":{"rendered":"9 Symptome der dunklen Nacht der Seele"},"content":{"rendered":"\n<p>Die dunkle Nacht der Seele ist eine spirituelle Reise, die der Einzelne erleben kann und die durch ein tiefes Gef\u00fchl der Verzweiflung, Hoffnungslosigkeit und existenziellen Krise gekennzeichnet ist.<\/p>\n\n<p>Der Begriff &#8222;dunkle Nacht der Seele&#8220; in der Spiritualit\u00e4t stammt aus den Schriften des spanischen Mystikers Johannes vom Kreuz und hat sich weiterentwickelt, um moderne Interpretationen der spirituellen Depression und des transformativen Prozesses des spirituellen Erwachens zu umfassen.<\/p>\n\n<hr class=\"wp-block-separator has-alpha-channel-opacity\"\/>\n\n<h2 class=\"wp-block-heading\">Dunkle Nacht der Seele &#8211; Symptome<\/h2>\n\n<ol class=\"wp-block-list\">\n<li><strong>Tiefe Traurigkeit oder Verzweiflung:<\/strong> Menschen, die eine dunkle Nacht der Seele durchmachen, k\u00f6nnen intensive Gef\u00fchle der Traurigkeit, Verzweiflung oder Leere erleben.\nDies kann eine tiefe emotionale und existenzielle Krise sein. <\/li>\n\n\n\n<li><strong>Verlust von Sinn und Zweck:<\/strong> Die Person kann ihren Sinn und Zweck im Leben in Frage stellen oder verlieren.\nDies kann zu einem Gef\u00fchl des Nihilismus oder zu einer Neubewertung der eigenen Werte und \u00dcberzeugungen f\u00fchren. <\/li>\n\n\n\n<li><strong>Spirituelle Krise:<\/strong> Oft handelt es sich um eine spirituelle Krise, bei der sich die Betroffenen von ihren \u00dcberzeugungen, ihrem Glauben oder ihren spirituellen Praktiken abgekoppelt f\u00fchlen.\nDies kann mit einem Gef\u00fchl der spirituellen Leere oder dem Gef\u00fchl des Verlassenseins durch eine h\u00f6here Macht einhergehen. <\/li>\n\n\n\n<li><strong>Introspektion und Selbstpr\u00fcfung:<\/strong> Die Person kann eine tiefe Selbstbeobachtung und Selbstpr\u00fcfung vornehmen und ihre Lebensentscheidungen, \u00dcberzeugungen und die Natur der Existenz in Frage stellen.\nDieser Prozess kann beunruhigend sein und zu einer Neubewertung der eigenen Identit\u00e4t f\u00fchren. <\/li>\n\n\n\n<li><strong>Gef\u00fchle der Isolation:<\/strong> Menschen, die eine dunkle Nacht der Seele durchmachen, k\u00f6nnen sich isoliert oder von anderen entfremdet f\u00fchlen.\nEs kann eine einsame und isolierende Erfahrung sein, w\u00e4hrend sie ihre inneren K\u00e4mpfe durchstehen. <\/li>\n\n\n\n<li><strong>Verlust des Interesses an externen Aktivit\u00e4ten:<\/strong> Das Interesse oder die Freude an Aktivit\u00e4ten, die fr\u00fcher einmal Spa\u00df gemacht haben, kann deutlich nachlassen.\nDazu k\u00f6nnen soziale Kontakte, Hobbys oder andere externe Aktivit\u00e4ten geh\u00f6ren. <\/li>\n\n\n\n<li><strong>Schlaf-St\u00f6rungen:<\/strong> Emotionaler Stress und existenzielle Fragen k\u00f6nnen zu St\u00f6rungen des Schlafverhaltens beitragen und zu Schwierigkeiten beim Einschlafen oder Durchschlafen f\u00fchren.<\/li>\n\n\n\n<li><strong>K\u00f6rperliche und emotionale Ersch\u00f6pfung:<\/strong> Der Prozess der Bew\u00e4ltigung einer dunklen Nacht der Seele kann emotional und k\u00f6rperlich anstrengend sein und zu M\u00fcdigkeit, Lethargie und einem Gef\u00fchl der Ersch\u00f6pfung f\u00fchren.<\/li>\n\n\n\n<li><strong>Transformation und Wachstum:<\/strong> Trotz der herausfordernden Natur der Erfahrung kann eine dunkle Nacht der Seele transformativ sein.\nSie kann zu pers\u00f6nlichem Wachstum, gr\u00f6\u00dferer Selbsterkenntnis und einem tieferen Verst\u00e4ndnis der eigenen Werte und Ziele f\u00fchren. <\/li>\n<\/ol>\n\n<hr class=\"wp-block-separator has-alpha-channel-opacity\"\/>\n\n<h2 class=\"wp-block-heading\"><strong>Urspr\u00fcnge und Bedeutung<\/strong><\/h2>\n\n<p>Das Konzept der dunklen Nacht der Seele hat seinen Ursprung in den Schriften des spanischen Mystikers Johannes vom Kreuz aus dem 16.\nEr beschrieb sie als eine spirituelle Krise, die den Einzelnen zu einer tiefgreifenden Transformation f\u00fchrt, die schlie\u00dflich zur Vereinigung mit dem G\u00f6ttlichen f\u00fchrt. <\/p>\n\n<h3 class=\"wp-block-heading\"><strong>Die Sichtweise von Johannes vom Kreuz<\/strong><\/h3>\n\n<p>Johannes vom Kreuz betrachtete die dunkle Nacht als eine notwendige Etappe auf dem spirituellen Weg, eine Zeit, in der der Einzelne eine L\u00e4uterung der Seele und eine Losl\u00f6sung von weltlichen Begierden erf\u00e4hrt.<\/p>\n\n<h3 class=\"wp-block-heading\"><strong>Moderne Interpretationen<\/strong><\/h3>\n\n<p>Aus heutiger Sicht wird die dunkle Nacht der Seele oft mit der Erfahrung tiefer Verzweiflung, einem Gef\u00fchl der Leere und dem Verlust von Sinn und Zweck des Lebens in Verbindung gebracht, oft in Verbindung mit einem spirituellen Erwachen oder einer existenziellen Krise.<\/p>\n\n<hr class=\"wp-block-separator has-alpha-channel-opacity\"\/>\n\n<h2 class=\"wp-block-heading\"><strong>Die Symptome der dunklen Nacht der Seele erkennen<\/strong><\/h2>\n\n<p>Das <strong>Erleben von Verzweiflung<\/strong>: Eines der wichtigsten Anzeichen daf\u00fcr, dass Sie eine dunkle Nacht durchmachen, ist das intensive Gef\u00fchl der Verzweiflung, das sich als tiefes Gef\u00fchl der Trauer oder Hoffnungslosigkeit manifestieren kann, oft ohne erkennbaren Grund.<\/p>\n\n<p><strong>Gef\u00fchl der Leere und Hoffnungslosigkeit<\/strong>: Menschen, die die dunkle Nacht der Seele durchleben, berichten oft, dass sie ein tiefes Gef\u00fchl der Leere empfinden, als ob ihr Leben keinen Sinn oder Zweck h\u00e4tte.\nDies kann zu Gef\u00fchlen der Hoffnungslosigkeit und Isolation f\u00fchren. <\/p>\n\n<p><strong>Verlust des Interesses an fr\u00fcheren Leidenschaften<\/strong>: Ein h\u00e4ufiges Symptom der dunklen Nacht der Seele ist der Verlust des Interesses an Aktivit\u00e4ten oder Besch\u00e4ftigungen, die einst Freude oder Erf\u00fcllung brachten.\nDie Betroffenen f\u00fchlen sich m\u00f6glicherweise von ihren fr\u00fcheren Leidenschaften und Erfahrungen losgel\u00f6st. <\/p>\n\n<hr class=\"wp-block-separator has-alpha-channel-opacity\"\/>\n\n<h2 class=\"wp-block-heading\"><strong>Der Prozess des spirituellen Erwachens<\/strong><\/h2>\n\n<p><strong>Stadien des Erwachens<\/strong>: Die dunkle Nacht der Seele wird oft als Schl\u00fcsselphase im Prozess des spirituellen Erwachens angesehen, die durch eine tiefgreifende innere Transformation und das Loslassen alter Muster und Glaubenss\u00e4tze gekennzeichnet ist.<\/p>\n\n<p><strong>K\u00f6rperliche Symptome und Manifestationen<\/strong>: Neben emotionalen und psychologischen Ver\u00e4nderungen kann der Prozess des spirituellen Erwachens auch zu k\u00f6rperlichen Manifestationen wie M\u00fcdigkeit, erh\u00f6hter Sensibilit\u00e4t oder unerkl\u00e4rlichen Schmerzen f\u00fchren.<\/p>\n\n<p><strong>Bewusster und intuitiver werden<\/strong>: Wenn Menschen durch die Dunkle Nacht gehen, werden sie oft auf ihr inneres Selbst und ihre Umgebung eingestimmt, was zu einem erh\u00f6hten Bewusstsein und einer gesteigerten Intuition f\u00fchrt.<\/p>\n\n<hr class=\"wp-block-separator has-alpha-channel-opacity\"\/>\n\n<h2 class=\"wp-block-heading\"><strong>Navigieren durch die dunkle Nacht<\/strong><\/h2>\n\n<p><strong>Einen Sinn in der Erfahrung finden<\/strong>: Die dunkle Nacht der Seele als transformative Erfahrung zu begreifen, kann Menschen helfen, Sinn und Zweck in ihrem Leiden zu finden, was letztlich zu Wachstum und spiritueller Entwicklung f\u00fchrt.<\/p>\n\n<p><strong>Das Ende der dunklen Nacht der Seele verstehen<\/strong>: Die dunkle Nacht ist kein Dauerzustand, und das Verst\u00e4ndnis, dass es sich um eine Phase auf der spirituellen Reise handelt, kann Hoffnung und Motivation geben, die Herausforderungen zu meistern<\/p>\n\n<p><strong>Hoffnung und ein neues Ziel finden<\/strong>: Wenn Sie die dunkle Nacht der Seele hinter sich lassen, erhalten Sie oft ein neues Ziel und eine tiefere Wertsch\u00e4tzung f\u00fcr das Leben, was zu einem Gef\u00fchl der spirituellen Erneuerung und Transformation f\u00fchrt.<\/p>\n\n<hr class=\"wp-block-separator has-alpha-channel-opacity\"\/>\n\n<h2 class=\"wp-block-heading\"><strong>Unterst\u00fctzung in der dunklen Nacht suchen<\/strong><\/h2>\n\n<p><strong>Spiritueller und psychologischer Beistand<\/strong>: Die Unterst\u00fctzung von spirituellen F\u00fchrern, Therapeuten oder Mentoren kann eine wertvolle Hilfe sein, um die Herausforderungen der dunklen Nacht der Seele zu meistern.<\/p>\n\n<p><strong>Existentielle Krisen als Teil des spirituellen Wachstums annehmen<\/strong>: Die existenziellen Krisen, die w\u00e4hrend der dunklen Nacht auftreten, als Teil des spirituellen Wachstumsprozesses zu verstehen, kann dem Einzelnen helfen, Sinn und Akzeptanz in dieser Erfahrung zu finden.<\/p>\n\n<p><strong>Finden Sie Gemeinschaften und Ressourcen zur Unterst\u00fctzung<\/strong>: Der Beitritt zu Gemeinschaften oder die Suche nach Ressourcen, die sich dem spirituellen Erwachen und der Selbstentdeckung widmen, kann in den schwierigen Phasen der dunklen Nacht ein Gef\u00fchl der Verbundenheit und Unterst\u00fctzung vermitteln.<\/p>\n","protected":false},"excerpt":{"rendered":"<p>Die dunkle Nacht der Seele ist eine spirituelle Reise, die der Einzelne erleben kann und die durch ein tiefes Gef\u00fchl der Verzweiflung, Hoffnungslosigkeit und existenziellen Krise gekennzeichnet ist. Der Begriff &#8222;dunkle Nacht der Seele&#8220; in der Spiritualit\u00e4t stammt aus den Schriften des spanischen Mystikers Johannes vom Kreuz und hat sich weiterentwickelt, um moderne Interpretationen der [&hellip;]<\/p>\n","protected":false},"author":1,"featured_media":2774,"comment_status":"open","ping_status":"open","sticky":false,"template":"","format":"standard","meta":{"footnotes":""},"categories":[68,108],"tags":[],"class_list":["post-2915","post","type-post","status-publish","format-standard","has-post-thumbnail","hentry","category-spiritualitat","category-spirituelles-erwachen"],"_links":{"self":[{"href":"https:\/\/brandliebe.com\/de\/wp-json\/wp\/v2\/posts\/2915","targetHints":{"allow":["GET"]}}],"collection":[{"href":"https:\/\/brandliebe.com\/de\/wp-json\/wp\/v2\/posts"}],"about":[{"href":"https:\/\/brandliebe.com\/de\/wp-json\/wp\/v2\/types\/post"}],"author":[{"embeddable":true,"href":"https:\/\/brandliebe.com\/de\/wp-json\/wp\/v2\/users\/1"}],"replies":[{"embeddable":true,"href":"https:\/\/brandliebe.com\/de\/wp-json\/wp\/v2\/comments?post=2915"}],"version-history":[{"count":1,"href":"https:\/\/brandliebe.com\/de\/wp-json\/wp\/v2\/posts\/2915\/revisions"}],"predecessor-version":[{"id":2916,"href":"https:\/\/brandliebe.com\/de\/wp-json\/wp\/v2\/posts\/2915\/revisions\/2916"}],"wp:featuredmedia":[{"embeddable":true,"href":"https:\/\/brandliebe.com\/de\/wp-json\/wp\/v2\/media\/2774"}],"wp:attachment":[{"href":"https:\/\/brandliebe.com\/de\/wp-json\/wp\/v2\/media?parent=2915"}],"wp:term":[{"taxonomy":"category","embeddable":true,"href":"https:\/\/brandliebe.com\/de\/wp-json\/wp\/v2\/categories?post=2915"},{"taxonomy":"post_tag","embeddable":true,"href":"https:\/\/brandliebe.com\/de\/wp-json\/wp\/v2\/tags?post=2915"}],"curies":[{"name":"wp","href":"https:\/\/api.w.org\/{rel}","templated":true}]}}