{"id":2907,"date":"2024-08-02T13:41:03","date_gmt":"2024-08-02T13:41:03","guid":{"rendered":"https:\/\/brandliebe.com\/9-sintomas-de-la-noche-oscura-del-alma\/"},"modified":"2024-08-03T13:50:05","modified_gmt":"2024-08-03T13:50:05","slug":"9-sintomas-de-la-noche-oscura-del-alma","status":"publish","type":"post","link":"https:\/\/brandliebe.com\/es\/9-sintomas-de-la-noche-oscura-del-alma\/","title":{"rendered":"9 S\u00edntomas de la Noche Oscura del Alma"},"content":{"rendered":"\n<p>La Noche Oscura del Alma es un viaje espiritual que pueden experimentar las personas, caracterizado por una profunda sensaci\u00f3n de desesperaci\u00f3n, desesperanza y crisis existencial.<\/p>\n\n<p>El t\u00e9rmino &#8220;noche oscura del alma&#8221; en espiritualidad tiene su origen en los escritos del m\u00edstico espa\u00f1ol Juan de la Cruz, y ha evolucionado hasta abarcar las interpretaciones modernas de la depresi\u00f3n espiritual y el proceso transformador del despertar espiritual.<\/p>\n\n<hr class=\"wp-block-separator has-alpha-channel-opacity\"\/>\n\n<h2 class=\"wp-block-heading\">S\u00edntomas de la Noche Oscura del Alma<\/h2>\n\n<ol class=\"wp-block-list\">\n<li><strong>Tristeza o Desesperaci\u00f3n Profundas:<\/strong> Las personas que atraviesan una Noche Oscura del Alma pueden experimentar sentimientos intensos de tristeza, desesperaci\u00f3n o vac\u00edo.\nPuede tratarse de una profunda crisis emocional y existencial. <\/li>\n\n\n\n<li><strong>P\u00e9rdida de sentido o prop\u00f3sito:<\/strong> La persona puede cuestionar o perder su sentido y prop\u00f3sito en la vida.\nEsto puede conducir a una sensaci\u00f3n de nihilismo o a una reevaluaci\u00f3n de los propios valores y creencias. <\/li>\n\n\n\n<li><strong>Crisis Espiritual:<\/strong> A menudo implica una crisis espiritual en la que los individuos pueden sentirse desconectados de sus creencias, fe o pr\u00e1cticas espirituales.\nEsto puede ir acompa\u00f1ado de sentimientos de vac\u00edo espiritual o de una sensaci\u00f3n de abandono por parte de un poder superior. <\/li>\n\n\n\n<li><strong>Introspecci\u00f3n y Autoexamen:<\/strong> El individuo puede dedicarse a una profunda introspecci\u00f3n y autoexamen, cuestionando sus elecciones vitales, sus creencias y la naturaleza de la existencia.\nEste proceso puede ser inquietante y conducir a una reevaluaci\u00f3n de la propia identidad. <\/li>\n\n\n\n<li><strong>Sentimientos de aislamiento:<\/strong> Las personas que atraviesan una Noche Oscura del Alma pueden sentirse aisladas o alejadas de los dem\u00e1s.\nPuede ser una experiencia solitaria y aislante mientras navegan por sus luchas internas. <\/li>\n\n\n\n<li><strong>P\u00e9rdida de inter\u00e9s en actividades externas:<\/strong> Puede haber una disminuci\u00f3n significativa del inter\u00e9s o el placer por actividades que antes eran placenteras.\nEsto puede incluir la socializaci\u00f3n, las aficiones u otras actividades externas. <\/li>\n\n\n\n<li><strong>Alteraciones del sue\u00f1o:<\/strong> La angustia emocional y el cuestionamiento existencial pueden contribuir a alterar los patrones de sue\u00f1o, provocando dificultades para conciliar el sue\u00f1o o permanecer dormido.<\/li>\n\n\n\n<li><strong>Agotamiento F\u00edsico y Emocional:<\/strong> El proceso de navegar por una Noche Oscura del Alma puede ser emocional y f\u00edsicamente agotador, lo que provoca fatiga, letargo y una sensaci\u00f3n de agotamiento.<\/li>\n\n\n\n<li><strong>Transformaci\u00f3n y Crecimiento:<\/strong> A pesar de la naturaleza desafiante de la experiencia, una Noche Oscura del Alma puede ser transformadora.\nPuede conducir al crecimiento personal, a un mayor conocimiento de uno mismo y a una comprensi\u00f3n m\u00e1s profunda de los propios valores y objetivos. <\/li>\n<\/ol>\n\n<hr class=\"wp-block-separator has-alpha-channel-opacity\"\/>\n\n<h2 class=\"wp-block-heading\"><strong>Or\u00edgenes y significado<\/strong><\/h2>\n\n<p>El concepto de la Noche Oscura del Alma tiene su origen en los escritos del m\u00edstico espa\u00f1ol del siglo XVI, Juan de la Cruz.\n\u00c9l la describi\u00f3 como una crisis espiritual que lleva a los individuos a experimentar una profunda transformaci\u00f3n, que en \u00faltima instancia conduce a la uni\u00f3n con lo divino. <\/p>\n\n<h3 class=\"wp-block-heading\"><strong>La perspectiva de Juan de la Cruz<\/strong><\/h3>\n\n<p>Juan de la Cruz percib\u00eda la Noche Oscura como una etapa necesaria en el camino espiritual, un periodo en el que el individuo experimenta una purificaci\u00f3n del alma y un desapego de los deseos mundanos.<\/p>\n\n<h3 class=\"wp-block-heading\"><strong>Interpretaciones modernas<\/strong><\/h3>\n\n<p>En t\u00e9rminos contempor\u00e1neos, la Noche Oscura del Alma se asocia a menudo con la experiencia de una profunda desesperaci\u00f3n, una sensaci\u00f3n de vac\u00edo y una p\u00e9rdida de sentido o prop\u00f3sito en la vida, a menudo vinculada a un despertar espiritual o a una crisis existencial.<\/p>\n\n<hr class=\"wp-block-separator has-alpha-channel-opacity\"\/>\n\n<h2 class=\"wp-block-heading\"><strong>C\u00f3mo reconocer los s\u00edntomas de la Noche Oscura del Alma<\/strong><\/h2>\n\n<p><strong>Experimentar<\/strong> desesperaci\u00f3n: Uno de los indicadores destacados de estar atravesando una noche oscura es el intenso sentimiento de desesperaci\u00f3n, que puede manifestarse como una profunda sensaci\u00f3n de pena o desesperanza, a menudo sin causa aparente.<\/p>\n\n<p><strong>Sensaci\u00f3n de Vac\u00edo y Desesperanza<\/strong>: Las personas que experimentan la Noche Oscura del Alma suelen decir que tienen una profunda sensaci\u00f3n de vac\u00edo, como si su vida careciera de sentido o finalidad.\nEsto puede provocar sentimientos de desesperanza y aislamiento. <\/p>\n\n<p><strong>P\u00e9rdida de Inter\u00e9s por Pasiones<\/strong> Anteriores: Un s\u00edntoma frecuente de la Noche Oscura del Alma es la p\u00e9rdida de inter\u00e9s por actividades o pasatiempos que antes proporcionaban alegr\u00eda o satisfacci\u00f3n.\nEl individuo puede sentirse alejado de sus pasiones y experiencias anteriores. <\/p>\n\n<hr class=\"wp-block-separator has-alpha-channel-opacity\"\/>\n\n<h2 class=\"wp-block-heading\"><strong>El proceso del despertar espiritual<\/strong><\/h2>\n\n<p><strong>Etapas del Des<\/strong>pertar: La Noche Oscura del Alma suele considerarse una etapa clave en el proceso de despertar espiritual, marcada por una profunda transformaci\u00f3n interior y por el desprendimiento de viejas pautas y creencias.<\/p>\n\n<p><strong>S\u00edntomas y<\/strong> manifestaciones f\u00edsicas: Junto con los cambios emocionales y psicol\u00f3gicos, el proceso de despertar espiritual tambi\u00e9n puede dar lugar a manifestaciones f\u00edsicas, como fatiga, mayor sensibilidad o achaques y dolores inexplicables.<\/p>\n\n<p><strong>Volverse m\u00e1s consciente e intuitivo<\/strong>: A medida que los individuos progresan en la Noche Oscura, suelen estar m\u00e1s en sinton\u00eda con su interior y con el entorno, lo que les lleva a una mayor conciencia y a una intuici\u00f3n m\u00e1s elevada.<\/p>\n\n<hr class=\"wp-block-separator has-alpha-channel-opacity\"\/>\n\n<h2 class=\"wp-block-heading\"><strong>Navegar por la noche oscura<\/strong><\/h2>\n\n<p><strong>Encontrar un prop\u00f3sito en la<\/strong> experiencia: Aceptar la Noche Oscura del Alma como una experiencia transformadora puede ayudar a las personas a encontrar un prop\u00f3sito y un significado a su sufrimiento, lo que en \u00faltima instancia conduce al crecimiento y a la evoluci\u00f3n espiritual.<\/p>\n\n<p><strong>Comprender el final de la Noche Oscura del Alma<\/strong>: La Noche Oscura no es un estado permanente, y comprender que es una fase del viaje espiritual puede proporcionar esperanza y motivaci\u00f3n para navegar a trav\u00e9s de los desaf\u00edos.<\/p>\n\n<p><strong>Encontrar esperanza y un prop\u00f3sito renovado<\/strong>: Salir de la Noche Oscura del Alma a menudo aporta un prop\u00f3sito renovado y una apreciaci\u00f3n m\u00e1s profunda de la vida, lo que conduce a una sensaci\u00f3n de renovaci\u00f3n y transformaci\u00f3n espirituales.<\/p>\n\n<hr class=\"wp-block-separator has-alpha-channel-opacity\"\/>\n\n<h2 class=\"wp-block-heading\"><strong>Buscar apoyo durante la noche oscura<\/strong><\/h2>\n\n<p><strong>Orientaci\u00f3n Espiritual y Psicol\u00f3gica<\/strong>: Buscar el apoyo de l\u00edderes espirituales, terapeutas o mentores puede proporcionar una valiosa orientaci\u00f3n y perspicacia para superar los retos de la Noche Oscura del Alma.<\/p>\n\n<p><strong>Aceptar las Crisis Existenciales como Parte del<\/strong> Crecimiento Espiritual: Comprender las crisis existenciales que surgen durante la Noche Oscura como parte del proceso de crecimiento espiritual puede ayudar a las personas a encontrar sentido y aceptaci\u00f3n a la experiencia.<\/p>\n\n<p><strong>Encontrar Comunidades y<\/strong> Recursos de Apoyo: Unirse a comunidades o buscar recursos dedicados al despertar espiritual y al autodescubrimiento puede proporcionar una sensaci\u00f3n de conexi\u00f3n y apoyo durante las etapas desafiantes de la Noche Oscura.<\/p>\n","protected":false},"excerpt":{"rendered":"<p>La Noche Oscura del Alma es un viaje espiritual que pueden experimentar las personas, caracterizado por una profunda sensaci\u00f3n de desesperaci\u00f3n, desesperanza y crisis existencial. El t\u00e9rmino &#8220;noche oscura del alma&#8221; en espiritualidad tiene su origen en los escritos del m\u00edstico espa\u00f1ol Juan de la Cruz, y ha evolucionado hasta abarcar las interpretaciones modernas de [&hellip;]<\/p>\n","protected":false},"author":1,"featured_media":2776,"comment_status":"open","ping_status":"open","sticky":false,"template":"","format":"standard","meta":{"footnotes":""},"categories":[43,42],"tags":[],"class_list":["post-2907","post","type-post","status-publish","format-standard","has-post-thumbnail","hentry","category-despertar-espiritual","category-espiritualidad"],"_links":{"self":[{"href":"https:\/\/brandliebe.com\/es\/wp-json\/wp\/v2\/posts\/2907","targetHints":{"allow":["GET"]}}],"collection":[{"href":"https:\/\/brandliebe.com\/es\/wp-json\/wp\/v2\/posts"}],"about":[{"href":"https:\/\/brandliebe.com\/es\/wp-json\/wp\/v2\/types\/post"}],"author":[{"embeddable":true,"href":"https:\/\/brandliebe.com\/es\/wp-json\/wp\/v2\/users\/1"}],"replies":[{"embeddable":true,"href":"https:\/\/brandliebe.com\/es\/wp-json\/wp\/v2\/comments?post=2907"}],"version-history":[{"count":1,"href":"https:\/\/brandliebe.com\/es\/wp-json\/wp\/v2\/posts\/2907\/revisions"}],"predecessor-version":[{"id":2909,"href":"https:\/\/brandliebe.com\/es\/wp-json\/wp\/v2\/posts\/2907\/revisions\/2909"}],"wp:featuredmedia":[{"embeddable":true,"href":"https:\/\/brandliebe.com\/es\/wp-json\/wp\/v2\/media\/2776"}],"wp:attachment":[{"href":"https:\/\/brandliebe.com\/es\/wp-json\/wp\/v2\/media?parent=2907"}],"wp:term":[{"taxonomy":"category","embeddable":true,"href":"https:\/\/brandliebe.com\/es\/wp-json\/wp\/v2\/categories?post=2907"},{"taxonomy":"post_tag","embeddable":true,"href":"https:\/\/brandliebe.com\/es\/wp-json\/wp\/v2\/tags?post=2907"}],"curies":[{"name":"wp","href":"https:\/\/api.w.org\/{rel}","templated":true}]}}