{"id":705,"date":"2024-05-27T20:52:15","date_gmt":"2024-05-27T20:52:15","guid":{"rendered":"https:\/\/brandliebe.com\/consejos-para-vencer-la-depresion-estacional-como-afrontar-la-depresion-invernal\/"},"modified":"2024-06-04T14:01:19","modified_gmt":"2024-06-04T14:01:19","slug":"consejos-para-vencer-la-depresion-estacional-como-afrontar-la-depresion-invernal","status":"publish","type":"post","link":"https:\/\/brandliebe.com\/es\/consejos-para-vencer-la-depresion-estacional-como-afrontar-la-depresion-invernal\/","title":{"rendered":"Consejos para vencer la depresi\u00f3n estacional: C\u00f3mo afrontar la depresi\u00f3n invernal"},"content":{"rendered":"\n<h2 class=\"wp-block-heading\">\u00bfQu\u00e9 es el trastorno afectivo estacional?<\/h2>\n\n<p><strong>El Trastorno Afectivo Estacional (TAE<\/strong> ) es un tipo de depresi\u00f3n que aparece y desaparece con los <strong>cambios estacionales<\/strong>, a menudo durante los <strong>meses de invierno<\/strong>. Tambi\u00e9n se conoce como <strong>depresi\u00f3n<\/strong> o <strong>melancol\u00eda invernal<\/strong>. Las personas con TAE pueden experimentar s\u00edntomas de <strong>depresi\u00f3n mayor<\/strong> durante el <strong>oto\u00f1o o el invierno<\/strong>, cuando hay menos luz solar natural.<\/p>\n\n<h3 class=\"wp-block-heading\">Comprender los s\u00edntomas del TAE<\/h3>\n\n<p>Los <strong>s\u00edntomas del TAE<\/strong> pueden variar de leves a graves y pueden incluir sentimientos de \u00e1nimo <strong>depresivo<\/strong>, p\u00e9rdida de inter\u00e9s por las actividades, fatiga y cambios en el sue\u00f1o y el apetito. Estos s\u00edntomas suelen aparecer en la misma \u00e9poca cada a\u00f1o, empezando a <strong>finales de oto\u00f1o<\/strong> y durando hasta los <strong>meses de invierno<\/strong>.<\/p>\n\n<h3 class=\"wp-block-heading\">Causas de la depresi\u00f3n estacional<\/h3>\n\n<p>Las <strong>causas<\/strong> exactas <strong>de la depresi\u00f3n estacional<\/strong> no se conocen del todo, pero se cree que est\u00e1 relacionada con cambios en <strong>el ritmo circadiano<\/strong> y en los niveles de <strong>melatonina<\/strong> debidos a una menor exposici\u00f3n a la luz solar. Tambi\u00e9n pueden influir otros factores, como la gen\u00e9tica y los <strong>patrones estacionales<\/strong>.<\/p>\n\n<h3 class=\"wp-block-heading\">Diagn\u00f3stico y planes de tratamiento para el TAS<\/h3>\n\n<p>El diagn\u00f3stico del TAS implica una evaluaci\u00f3n exhaustiva de los s\u00edntomas por parte de un <strong>profesional de la salud mental<\/strong>. Las opciones de tratamiento pueden incluir <strong>fototerapia<\/strong>, <strong>antidepresivos<\/strong> y <strong>psicoterapia<\/strong> para ayudar a controlar los s\u00edntomas y mejorar la calidad de vida.<\/p>\n\n<hr class=\"wp-block-separator has-alpha-channel-opacity\"\/>\n\n<h2 class=\"wp-block-heading\">Consejos para vencer la depresi\u00f3n estacional<\/h2>\n\n<h3 class=\"wp-block-heading\">1. Maximiza la exposici\u00f3n a la luz del d\u00eda<\/h3>\n\n<p><strong>Luz natural<\/strong>: Intenta salir al exterior durante las horas de luz, sobre todo por la ma\u00f1ana. Incluso un breve paseo puede ayudar a mejorar tu estado de \u00e1nimo.<\/p>\n\n<p><strong>Terapia<\/strong> de luz: Considera la posibilidad de utilizar una caja de fototerapia, que imita la luz solar natural. Sentarse frente a la caja de luz durante unos 20-30 minutos diarios puede ayudar a aliviar los s\u00edntomas del TAE.<\/p>\n\n<h3 class=\"wp-block-heading\">2. Mant\u00e9n una rutina de ejercicio regular<\/h3>\n\n<p><strong>Actividades<\/strong> al aire libre: Participa en actividades al aire libre como caminar, hacer senderismo o esquiar, que pueden ayudarte a tomar el sol y hacer ejercicio simult\u00e1neamente.<\/p>\n\n<p>Ejercicio <strong>en<\/strong> interiores: Los d\u00edas en que no sea posible salir al exterior, practica ejercicios en interiores, como yoga, aer\u00f3bic, o utiliza aparatos de entrenamiento en casa.<\/p>\n\n<h3 class=\"wp-block-heading\">3. Crea un entorno luminoso y alegre<\/h3>\n\n<p><strong>Ilumina tu espacio vital<\/strong>: Mant\u00e9n tu casa bien iluminada con luz artificial. Abre las cortinas y persianas para dejar entrar la luz natural.<\/p>\n\n<p><strong>Decora con colores vivos<\/strong>: A\u00f1ade colores vivos a la decoraci\u00f3n de tu casa con elementos como cojines, mantas y obras de arte para crear un ambiente alegre.<\/p>\n\n<h3 class=\"wp-block-heading\">4. Mant\u00e9n una dieta sana<\/h3>\n\n<p><strong>Come alimentos densos en nutrientes<\/strong>: Incorpora alimentos ricos en vitaminas y minerales, como frutas, verduras, cereales integrales y prote\u00ednas magras.<\/p>\n\n<p><strong>\u00c1cidos<\/strong> grasos omega-3: Los alimentos ricos en \u00e1cidos grasos omega-3, como el pescado, las nueces y las semillas de lino, pueden ayudar a mejorar el estado de \u00e1nimo y reducir los s\u00edntomas de la depresi\u00f3n.<\/p>\n\n<p><strong>Limita los alimentos azucarados y el alcohol<\/strong>: Pueden provocar bajones de energ\u00eda y afectar negativamente a tu estado de \u00e1nimo.<\/p>\n\n<h3 class=\"wp-block-heading\">5. Mantente conectado con tus seres queridos<\/h3>\n\n<p><strong>Interacci\u00f3n social<\/strong>: Conecta regularmente con amigos y familiares, aunque sea a trav\u00e9s de llamadas telef\u00f3nicas o videoconferencias. El apoyo social es crucial para el bienestar mental.<\/p>\n\n<p><strong>\u00danete a grupos o clubes<\/strong>: Participa en grupos o clubes de la comunidad local que te interesen para seguir comprometido y conocer gente nueva.<\/p>\n\n<h3 class=\"wp-block-heading\">6. Practica t\u00e9cnicas para aliviar el estr\u00e9s<\/h3>\n\n<p>Atenci\u00f3n plena <strong>y meditaci\u00f3n<\/strong>: Pr\u00e1cticas como la meditaci\u00f3n de atenci\u00f3n plena pueden ayudar a reducir el estr\u00e9s y mejorar el estado de \u00e1nimo.<\/p>\n\n<p><strong>Ejercicios de respiraci\u00f3n<\/strong>: Unos sencillos ejercicios de respiraci\u00f3n pueden ayudarte a relajarte y a controlar la ansiedad.<\/p>\n\n<p><strong>Escribir un diario<\/strong>: Escribir tus pensamientos y sentimientos puede ser una forma terap\u00e9utica de procesar las emociones.<\/p>\n\n<h3 class=\"wp-block-heading\">7. Establece una rutina de sue\u00f1o coherente<\/h3>\n\n<p><strong>Horario regular de sue\u00f1o<\/strong>: Acu\u00e9state y lev\u00e1ntate a la misma hora todos los d\u00edas, incluso los fines de semana, para regular el reloj interno de tu cuerpo.<\/p>\n\n<p><strong>Crea un entorno tranquilo<\/strong>: Aseg\u00farate de que tu dormitorio sea oscuro, tranquilo y fresco. Considera la posibilidad de utilizar cortinas opacas para bloquear la luz exterior.<\/p>\n\n<h3 class=\"wp-block-heading\">8. Busca ayuda profesional si la necesitas<\/h3>\n\n<p><strong>Terapia<\/strong>: La terapia cognitivo-conductual (TCC) es eficaz para tratar el TAS. Un terapeuta puede ayudarte a desarrollar estrategias de afrontamiento.<\/p>\n\n<h3 class=\"wp-block-heading\">9. Planifica actividades divertidas<\/h3>\n\n<p><strong>Aficiones<\/strong>: Ded\u00edcate a aficiones que te gusten, como leer, pintar o cocinar.<\/p>\n\n<p><strong>Deportes<\/strong> de invierno: Prueba los deportes de invierno, como el patinaje sobre hielo, el esqu\u00ed o el snowboard, para aprovechar al m\u00e1ximo la estaci\u00f3n.<\/p>\n\n<h3 class=\"wp-block-heading\">10. Suplemento de vitamina D<\/h3>\n\n<p><strong>Suplementos de vitamina<\/strong> D: Los niveles bajos de vitamina D son frecuentes en invierno y pueden contribuir a la depresi\u00f3n. Habla con tu m\u00e9dico sobre la posibilidad de tomar un suplemento si es necesario.<\/p>\n\n<hr class=\"wp-block-separator has-alpha-channel-opacity\"\/>\n\n<h2 class=\"wp-block-heading\">Tratamientos eficaces para la depresi\u00f3n estacional<\/h2>\n\n<p><strong>Utilizar la fototerapia<\/strong> es un tratamiento habitual y eficaz para el <strong>trastorno afectivo estacional<\/strong>. Las cajas de luz emiten una luz brillante que imita la luz solar natural, ayudando a regular el <strong>ritmo circadiano<\/strong> y a mejorar el estado de \u00e1nimo.<\/p>\n\n<h3 class=\"wp-block-heading\">Beneficios de los antidepresivos en el tratamiento del TAE<\/h3>\n\n<p><strong>Los antidepresivos<\/strong> pueden ser recetados por un profesional sanitario para ayudar a aliviar los s\u00edntomas de la <strong>depresi\u00f3n estacional<\/strong>, sobre todo en casos de s\u00edntomas graves o persistentes.<\/p>\n\n<h3 class=\"wp-block-heading\">Papel de los suplementos de vitamina D en el control de la depresi\u00f3n estacional<\/h3>\n\n<p>Se han estudiado suplementos como la <strong>vitamina<\/strong> D por su posible papel en el control de <strong>la depresi\u00f3n estacional<\/strong>, al favorecer la salud mental y el bienestar general.<\/p>\n\n<hr class=\"wp-block-separator has-alpha-channel-opacity\"\/>\n\n<h2 class=\"wp-block-heading\">Controlar la depresi\u00f3n invernal con la terapia de la caja de luz<\/h2>\n\n<p><strong>Las cajas de luz<\/strong> son dispositivos especialmente dise\u00f1ados que ayudan a aliviar los s\u00edntomas del <strong>trastorno afectivo estacional<\/strong> mediante la exposici\u00f3n a la <strong>luz<\/strong> brillante. Si se utilizan correctamente, pueden mejorar significativamente el estado de \u00e1nimo y los niveles de energ\u00eda.<\/p>\n\n<h3 class=\"wp-block-heading\">C\u00f3mo ayudan las cajas de luz a aliviar los s\u00edntomas del trastorno afectivo estacional<\/h3>\n\n<p>La <strong>ciencia que subyace a la fototerapia<\/strong> para <strong>la depresi\u00f3n estacional<\/strong> implica la estimulaci\u00f3n de los neurotransmisores que regulan el estado de \u00e1nimo, como la serotonina. Esto puede ayudar a combatir los s\u00edntomas del <strong>trastorno depresivo<\/strong> asociado al TAE.<\/p>\n\n<h3 class=\"wp-block-heading\">Consejos para utilizar correctamente una caja de luz en casa<\/h3>\n\n<p>El uso adecuado de una <strong>caja de<\/strong> luz implica colocarla a la altura de los ojos, utilizarla durante el tiempo recomendado y mantener un uso diario constante, especialmente durante los <strong>meses de invierno<\/strong>.<\/p>\n\n<hr class=\"wp-block-separator has-alpha-channel-opacity\"\/>\n\n<h2 class=\"wp-block-heading\">Buscar ayuda profesional para la depresi\u00f3n estacional<\/h2>\n\n<p>Es importante saber cu\u00e1ndo consultar a un <strong>profesional de la salud<\/strong> mental por el <strong>TAE<\/strong>, sobre todo si los s\u00edntomas interfieren en la vida diaria o persisten a pesar de los esfuerzos de autocuidado.<\/p>\n\n<h3 class=\"wp-block-heading\">Papel de los psiquiatras en el tratamiento del trastorno afectivo estacional<\/h3>\n\n<p><strong>Los psiquiatras especializados en medicina<\/strong> funcional desempe\u00f1an un papel clave en el diagn\u00f3stico y tratamiento de <strong>la depresi\u00f3n estacional<\/strong>, ofreciendo opciones de tratamiento como el control de la vitamina D y la <strong>psicoterapia<\/strong> para abordar los problemas subyacentes.<\/p>\n\n<h3 class=\"wp-block-heading\">Desarrollar un plan de tratamiento integral con profesionales<\/h3>\n\n<p>Un plan de tratamiento integral del <strong>trastorno afectivo estacional<\/strong> puede implicar la colaboraci\u00f3n entre un <strong>profesional de la salud mental<\/strong>, <strong>un profesional sanitario<\/strong> y otros especialistas para abordar las necesidades \u00fanicas de cada persona.<\/p>\n\n<hr class=\"wp-block-separator has-alpha-channel-opacity\"\/>\n\n<h2 class=\"wp-block-heading\">Prevenir la depresi\u00f3n estacional: Consejos y estrategias<\/h2>\n\n<p>Existen varias estrategias para ayudar a prevenir o minimizar los s\u00edntomas de <strong>la depresi\u00f3n estacional<\/strong>, como maximizar la exposici\u00f3n a la luz solar natural, comprender el <strong>patr\u00f3n estacional<\/strong> de los s\u00edntomas y aplicar <strong>cambios de comportamiento<\/strong> para mejorar el estado de \u00e1nimo y el bienestar.<\/p>\n\n<h3 class=\"wp-block-heading\">Maximizar la exposici\u00f3n a la luz solar natural<\/h3>\n\n<p>Pasar tiempo al aire libre durante las horas de luz y abrir las cortinas para que entre la luz natural puede ayudar a regular <strong>el ritmo circadiano<\/strong> y mejorar el estado de \u00e1nimo durante los <strong>meses de invierno<\/strong>.<\/p>\n\n<h3 class=\"wp-block-heading\">Comprender el patr\u00f3n estacional de los s\u00edntomas<\/h3>\n\n<p>Reconocer los <strong>s\u00edntomas estacionales<\/strong> de <strong>la depresi\u00f3n<\/strong> y buscar una intervenci\u00f3n precoz puede ayudar a controlar el <strong>trastorno afectivo estacional<\/strong> de forma m\u00e1s eficaz y prevenir el empeoramiento de los s\u00edntomas.<\/p>\n\n<h3 class=\"wp-block-heading\">Cambios de comportamiento para combatir la tristeza invernal<\/h3>\n\n<p>Realizar una actividad f\u00edsica regular, mantener una dieta sana y practicar t\u00e9cnicas para reducir el estr\u00e9s, como la meditaci\u00f3n o el yoga, pueden contribuir a mejorar la salud mental y la capacidad de recuperaci\u00f3n durante los <strong>meses de invierno<\/strong>.<\/p>\n","protected":false},"excerpt":{"rendered":"<p>\u00bfQu\u00e9 es el trastorno afectivo estacional? El Trastorno Afectivo Estacional (TAE ) es un tipo de depresi\u00f3n que aparece y desaparece con los cambios estacionales, a menudo durante los meses de invierno. Tambi\u00e9n se conoce como depresi\u00f3n o melancol\u00eda invernal. Las personas con TAE pueden experimentar s\u00edntomas de depresi\u00f3n mayor durante el oto\u00f1o o el [&hellip;]<\/p>\n","protected":false},"author":1,"featured_media":443,"comment_status":"open","ping_status":"open","sticky":false,"template":"","format":"standard","meta":{"footnotes":""},"categories":[40,37],"tags":[],"class_list":["post-705","post","type-post","status-publish","format-standard","has-post-thumbnail","hentry","category-depresion","category-salud-mental"],"_links":{"self":[{"href":"https:\/\/brandliebe.com\/es\/wp-json\/wp\/v2\/posts\/705","targetHints":{"allow":["GET"]}}],"collection":[{"href":"https:\/\/brandliebe.com\/es\/wp-json\/wp\/v2\/posts"}],"about":[{"href":"https:\/\/brandliebe.com\/es\/wp-json\/wp\/v2\/types\/post"}],"author":[{"embeddable":true,"href":"https:\/\/brandliebe.com\/es\/wp-json\/wp\/v2\/users\/1"}],"replies":[{"embeddable":true,"href":"https:\/\/brandliebe.com\/es\/wp-json\/wp\/v2\/comments?post=705"}],"version-history":[{"count":1,"href":"https:\/\/brandliebe.com\/es\/wp-json\/wp\/v2\/posts\/705\/revisions"}],"predecessor-version":[{"id":710,"href":"https:\/\/brandliebe.com\/es\/wp-json\/wp\/v2\/posts\/705\/revisions\/710"}],"wp:featuredmedia":[{"embeddable":true,"href":"https:\/\/brandliebe.com\/es\/wp-json\/wp\/v2\/media\/443"}],"wp:attachment":[{"href":"https:\/\/brandliebe.com\/es\/wp-json\/wp\/v2\/media?parent=705"}],"wp:term":[{"taxonomy":"category","embeddable":true,"href":"https:\/\/brandliebe.com\/es\/wp-json\/wp\/v2\/categories?post=705"},{"taxonomy":"post_tag","embeddable":true,"href":"https:\/\/brandliebe.com\/es\/wp-json\/wp\/v2\/tags?post=705"}],"curies":[{"name":"wp","href":"https:\/\/api.w.org\/{rel}","templated":true}]}}