{"id":1565,"date":"2024-05-27T20:38:41","date_gmt":"2024-05-27T20:38:41","guid":{"rendered":"https:\/\/brandliebe.com\/comprendre-le-trouble-depressif-majeur-causes-symptomes-et-options-de-traitement\/"},"modified":"2024-06-13T21:08:17","modified_gmt":"2024-06-13T21:08:17","slug":"comprendre-le-trouble-depressif-majeur-causes-symptomes-et-options-de-traitement","status":"publish","type":"post","link":"https:\/\/brandliebe.com\/fr\/comprendre-le-trouble-depressif-majeur-causes-symptomes-et-options-de-traitement\/","title":{"rendered":"Comprendre le trouble d\u00e9pressif majeur : Causes, sympt\u00f4mes et options de traitement"},"content":{"rendered":"\n<p>La d\u00e9pression, \u00e9galement connue sous le nom de d\u00e9pression clinique ou de trouble d\u00e9pressif majeur, est un probl\u00e8me de sant\u00e9 mentale qui touche des millions de personnes dans le monde. Il s&rsquo;agit d&rsquo;un trouble grave de l&rsquo;humeur qui se traduit par un sentiment persistant de tristesse et une perte d&rsquo;int\u00e9r\u00eat pour les activit\u00e9s. Les personnes souffrant de d\u00e9pression peuvent pr\u00e9senter une s\u00e9rie de sympt\u00f4mes plus ou moins graves.<\/p>\n\n<hr class=\"wp-block-separator has-alpha-channel-opacity\"\/>\n\n<h2 class=\"wp-block-heading\">Quels sont les signes et sympt\u00f4mes du trouble d\u00e9pressif majeur ?<\/h2>\n\n<h3 class=\"wp-block-heading\">Sympt\u00f4mes courants associ\u00e9s \u00e0 la d\u00e9pression majeure<\/h3>\n\n<p>Parmi les sympt\u00f4mes courants de la d\u00e9pression majeure figurent des sentiments persistants de tristesse, de d\u00e9sespoir et de d\u00e9valorisation. Les personnes peuvent \u00e9galement pr\u00e9senter des changements d&rsquo;app\u00e9tit, des troubles du sommeil et une perte d&rsquo;int\u00e9r\u00eat pour les activit\u00e9s qu&rsquo;elles appr\u00e9ciaient auparavant.<\/p>\n\n<h3 class=\"wp-block-heading\">Reconna\u00eetre les signes physiques et \u00e9motionnels de la d\u00e9pression<\/h3>\n\n<p>Les signes physiques et \u00e9motionnels de la d\u00e9pression peuvent se manifester diff\u00e9remment d&rsquo;un individu \u00e0 l&rsquo;autre. Les sympt\u00f4mes physiques peuvent inclure la fatigue, les maux de t\u00eate et les probl\u00e8mes digestifs, tandis que les signes \u00e9motionnels peuvent aller de l&rsquo;irritabilit\u00e9 \u00e0 un sentiment de vide.<\/p>\n\n<h3 class=\"wp-block-heading\">Comprendre la gravit\u00e9 des sympt\u00f4mes du trouble d\u00e9pressif majeur<\/h3>\n\n<p>La gravit\u00e9 des sympt\u00f4mes du trouble d\u00e9pressif majeur peut varier de l\u00e9g\u00e8re \u00e0 s\u00e9v\u00e8re. Certaines personnes peuvent pr\u00e9senter des sympt\u00f4mes d\u00e9bilitants qui interf\u00e8rent avec le fonctionnement quotidien et la qualit\u00e9 de vie.<\/p>\n\n<hr class=\"wp-block-separator has-alpha-channel-opacity\"\/>\n\n<h2 class=\"wp-block-heading\">Comment traite-t-on la d\u00e9pression ?<\/h2>\n\n<h3 class=\"wp-block-heading\">Explorer les diff\u00e9rentes options de traitement de la d\u00e9pression<\/h3>\n\n<p>Il existe plusieurs options de traitement pour g\u00e9rer la d\u00e9pression, notamment la th\u00e9rapie et les modifications du mode de vie. Le choix du traitement d\u00e9pend des sympt\u00f4mes et des besoins sp\u00e9cifiques de la personne.<\/p>\n\n<h3 class=\"wp-block-heading\">Le r\u00f4le de la th\u00e9rapie dans la gestion des sympt\u00f4mes de la d\u00e9pression<\/h3>\n\n<p>La th\u00e9rapie, telle que la th\u00e9rapie cognitivo-comportementale (TCC) ou la th\u00e9rapie interpersonnelle, peut aider les individus \u00e0 d\u00e9velopper des strat\u00e9gies d&rsquo;adaptation et \u00e0 aborder les probl\u00e8mes sous-jacents qui contribuent \u00e0 leur d\u00e9pression.<\/p>\n\n<hr class=\"wp-block-separator has-alpha-channel-opacity\"\/>\n\n<h2 class=\"wp-block-heading\">Quels sont les diff\u00e9rents types de d\u00e9pression ?<\/h2>\n\n<h3 class=\"wp-block-heading\">Aper\u00e7u du trouble d\u00e9pressif majeur et d&rsquo;autres variantes<\/h3>\n\n<p>Le trouble d\u00e9pressif majeur n&rsquo;est qu&rsquo;un type de d\u00e9pression parmi d&rsquo;autres. Parmi les autres variantes, on trouve le trouble d\u00e9pressif persistant, la d\u00e9pression post-partum, la d\u00e9pression p\u00e9rinatale et la d\u00e9pression r\u00e9sistante au traitement, chacune ayant ses propres caract\u00e9ristiques et approches th\u00e9rapeutiques.<\/p>\n\n<h3 class=\"wp-block-heading\">Distinguer les diff\u00e9rentes formes de d\u00e9pression<\/h3>\n\n<p>Il est important de distinguer les diff\u00e9rentes formes de d\u00e9pression, car elles peuvent n\u00e9cessiter des interventions sp\u00e9cifiques. Comprendre les nuances de chaque type peut aider \u00e0 \u00e9tablir un diagnostic pr\u00e9cis et un traitement efficace.<\/p>\n\n<h3 class=\"wp-block-heading\">Comprendre la d\u00e9pression avec psychose et son traitement<\/h3>\n\n<p>La d\u00e9pression avec psychose est une forme grave de d\u00e9pression qui peut s&rsquo;accompagner de sympt\u00f4mes psychotiques tels que des hallucinations ou des d\u00e9lires. Le traitement consiste souvent en une combinaison d&rsquo;alimentation moulue et d&rsquo;aliments durs (pommes de terre et viande) et de th\u00e9rapie pour traiter les sympt\u00f4mes d\u00e9pressifs et psychotiques.<\/p>\n\n<hr class=\"wp-block-separator has-alpha-channel-opacity\"\/>\n\n<h2 class=\"wp-block-heading\">Quelles sont les causes de la d\u00e9pression ?<\/h2>\n\n<h3 class=\"wp-block-heading\">Explorer les causes profondes et les d\u00e9clencheurs de la d\u00e9pression<\/h3>\n\n<p>La d\u00e9pression peut avoir des causes multifactorielles, notamment des facteurs biologiques, psychologiques et environnementaux. Les \u00e9v\u00e9nements stressants de la vie, les traumatismes et les maladies chroniques peuvent tous contribuer au d\u00e9veloppement de la d\u00e9pression.<\/p>\n\n<h3 class=\"wp-block-heading\">Identifier les facteurs de risque associ\u00e9s au trouble d\u00e9pressif majeur<\/h3>\n\n<p>Plusieurs facteurs de risque sont associ\u00e9s au trouble d\u00e9pressif majeur, notamment des ant\u00e9c\u00e9dents familiaux de d\u00e9pression, des changements de vie importants et certaines conditions m\u00e9dicales. La compr\u00e9hension de ces facteurs de risque peut contribuer \u00e0 une intervention et \u00e0 une prise en charge pr\u00e9coces.<\/p>\n\n<h3 class=\"wp-block-heading\">Le r\u00f4le de la g\u00e9n\u00e9tique et de l&rsquo;environnement dans le d\u00e9veloppement de la d\u00e9pression<\/h3>\n\n<p>La g\u00e9n\u00e9tique et l&rsquo;environnement jouent tous deux un r\u00f4le dans le d\u00e9veloppement de la d\u00e9pression. Les personnes ayant des ant\u00e9c\u00e9dents familiaux de d\u00e9pression peuvent pr\u00e9senter un risque plus \u00e9lev\u00e9, et des facteurs environnementaux tels que le stress ou l&rsquo;exposition \u00e0 des traumatismes peuvent d\u00e9clencher des \u00e9pisodes d\u00e9pressifs.<\/p>\n\n<hr class=\"wp-block-separator has-alpha-channel-opacity\"\/>\n\n<h2 class=\"wp-block-heading\">Comment traiter efficacement la d\u00e9pression ?<\/h2>\n\n<h3 class=\"wp-block-heading\">\u00c9laborer un plan de traitement complet pour g\u00e9rer la d\u00e9pression<\/h3>\n\n<p>Un traitement efficace de la d\u00e9pression implique souvent une approche globale comprenant une th\u00e9rapie, des changements de mode de vie et un soutien social. L&rsquo;\u00e9laboration d&rsquo;un plan de traitement personnalis\u00e9 adapt\u00e9 aux besoins individuels est essentielle pour une prise en charge r\u00e9ussie.<\/p>\n\n<h3 class=\"wp-block-heading\">Rechercher le soutien de professionnels de la sant\u00e9 mentale pour traiter la d\u00e9pression<\/h3>\n\n<p>Les professionnels de la sant\u00e9 mentale ayant une formation en m\u00e9decine fonctionnelle ou holistique, notamment les psychiatres, les psychologues et les conseillers, jouent un r\u00f4le essentiel dans le diagnostic et le traitement de la d\u00e9pression. La recherche d&rsquo;une aide professionnelle peut fournir aux individus les conseils et le soutien n\u00e9cessaires pour naviguer dans leur parcours de sant\u00e9 mentale.<\/p>\n\n<h3 class=\"wp-block-heading\">Exploration d&rsquo;approches innovantes pour la d\u00e9pression r\u00e9sistante au traitement<\/h3>\n\n<p>Pour les personnes souffrant de d\u00e9pression r\u00e9sistante au traitement, l&rsquo;exploration d&rsquo;approches innovantes telles que la th\u00e9rapie par perfusion de k\u00e9tamine ou la stimulation magn\u00e9tique transcr\u00e2nienne (SMT) peut offrir un nouvel espoir de soulagement des sympt\u00f4mes. Il est essentiel de travailler en \u00e9troite collaboration avec les prestataires de soins de sant\u00e9 afin d&rsquo;explorer toutes les options disponibles.<\/p>\n\n<hr class=\"wp-block-separator has-alpha-channel-opacity\"\/>\n\n<h2 class=\"wp-block-heading\">Le lien entre l&rsquo;intestin et le cerveau et la d\u00e9pression<\/h2>\n\n<p>La connexion intestin-cerveau, \u00e9galement connue sous le nom d&rsquo;axe intestin-cerveau, est un r\u00e9seau de communication bidirectionnel qui relie le syst\u00e8me nerveux central (le cerveau et la moelle \u00e9pini\u00e8re) au syst\u00e8me nerveux ent\u00e9rique (le syst\u00e8me nerveux de l&rsquo;intestin). Ce lien joue un r\u00f4le crucial dans le maintien de la sant\u00e9 globale et a \u00e9t\u00e9 de plus en plus \u00e9tudi\u00e9 dans le contexte de la sant\u00e9 mentale, en particulier de la d\u00e9pression majeure.<\/p>\n\n<ol class=\"wp-block-list\">\n<li><p><strong>Microbiome et sant\u00e9 mentale<\/strong>: L&rsquo;intestin abrite des billions de micro-organismes, collectivement connus sous le nom de microbiome intestinal. Ces microbes produisent des neurotransmetteurs comme la s\u00e9rotonine, la dopamine et l&rsquo;acide gamma-aminobutyrique (GABA), qui sont essentiels \u00e0 la r\u00e9gulation de l&rsquo;humeur. Un d\u00e9s\u00e9quilibre du microbiome intestinal, appel\u00e9 dysbiose, a \u00e9t\u00e9 associ\u00e9 \u00e0 la d\u00e9pression et \u00e0 l&rsquo;anxi\u00e9t\u00e9.<\/p><br\/><\/li>\n\n\n\n<li><p>L&rsquo;<strong>inflammation<\/strong>: L&rsquo;inflammation chronique est une caract\u00e9ristique commune aux personnes souffrant de d\u00e9pression majeure. L&rsquo;intestin joue un r\u00f4le essentiel dans la r\u00e9gulation de l&rsquo;inflammation. Une barri\u00e8re intestinale saine emp\u00eache les substances nocives de p\u00e9n\u00e9trer dans la circulation sanguine, ce qui peut d\u00e9clencher une inflammation syst\u00e9mique et avoir un impact potentiel sur les fonctions c\u00e9r\u00e9brales.<\/p><br\/><\/li>\n\n\n\n<li><p>Le <strong>nerf<\/strong> vague : Le nerf vague est une voie de communication majeure entre l&rsquo;intestin et le cerveau. Il transmet des signaux de l&rsquo;intestin au cerveau, influen\u00e7ant l&rsquo;humeur et les \u00e9tats \u00e9motionnels. La stimulation du nerf vague par des changements de r\u00e9gime alimentaire et de mode de vie peut avoir un effet positif sur la sant\u00e9 mentale.<\/p><br\/><\/li>\n<\/ol>\n\n<hr class=\"wp-block-separator has-alpha-channel-opacity\"\/>\n\n<h2 class=\"wp-block-heading\">Aliments de gu\u00e9rison pour la d\u00e9pression majeure<\/h2>\n\n<p>L&rsquo;incorporation de certains aliments dans le r\u00e9gime alimentaire peut contribuer \u00e0 favoriser un microbiome intestinal sain et \u00e0 r\u00e9duire les sympt\u00f4mes de la d\u00e9pression majeure. Voici quelques aliments curatifs :<\/p>\n\n<ol class=\"wp-block-list\">\n<li><p><strong>Aliments ferment\u00e9s<\/strong>: Les aliments comme le yaourt, le k\u00e9fir, la choucroute, le kimchi et le kombucha sont riches en probiotiques, des bact\u00e9ries b\u00e9n\u00e9fiques qui peuvent am\u00e9liorer la sant\u00e9 intestinale et potentiellement att\u00e9nuer les sympt\u00f4mes d\u00e9pressifs.<\/p><br\/><\/li>\n\n\n\n<li><p><strong>Aliments pr\u00e9biotiques<\/strong>: Les pr\u00e9biotiques sont des fibres alimentaires qui nourrissent les bact\u00e9ries b\u00e9n\u00e9fiques de l&rsquo;intestin. Les aliments riches en pr\u00e9biotiques sont l&rsquo;ail, les oignons, les poireaux, les asperges, les bananes et les c\u00e9r\u00e9ales compl\u00e8tes. Ils contribuent au maintien d&rsquo;un microbiome intestinal sain.<\/p><br\/><\/li>\n\n\n\n<li><p><strong>Acides gras om\u00e9ga-3<\/strong>: Pr\u00e9sents dans les poissons gras (comme le saumon, le maquereau et les sardines), les graines de lin, les graines de chia et les noix, les acides gras om\u00e9ga-3 ont des propri\u00e9t\u00e9s anti-inflammatoires et il a \u00e9t\u00e9 d\u00e9montr\u00e9 qu&rsquo;ils am\u00e9liorent l&rsquo;humeur et r\u00e9duisent les sympt\u00f4mes de la d\u00e9pression.<\/p><br\/><\/li>\n\n\n\n<li><p><strong>Aliments riches en antioxydants<\/strong>: Les antioxydants aident \u00e0 combattre le stress oxydatif et l&rsquo;inflammation dans l&rsquo;organisme. Les aliments riches en antioxydants sont les baies (myrtilles, fraises, framboises), le chocolat noir, les noix, les graines et les l\u00e9gumes \u00e0 feuilles vertes.<\/p><br\/><\/li>\n\n\n\n<li><p>Aliments <strong>complets et glucides complexes<\/strong>: Les aliments complets, en particulier ceux riches en glucides complexes comme les c\u00e9r\u00e9ales compl\u00e8tes, les l\u00e9gumineuses et les l\u00e9gumes, peuvent aider \u00e0 stabiliser le taux de sucre dans le sang et fournir une source d&rsquo;\u00e9nergie r\u00e9guli\u00e8re, ce qui est crucial pour la r\u00e9gulation de l&rsquo;humeur.<\/p><br\/><\/li>\n\n\n\n<li><p>La <strong>vitamine D<\/strong>: De faibles niveaux de vitamine D ont \u00e9t\u00e9 associ\u00e9s \u00e0 la d\u00e9pression. L&rsquo;exposition au soleil est une source naturelle de vitamine D, mais celle-ci peut \u00e9galement \u00eatre obtenue \u00e0 partir d&rsquo;aliments tels que les poissons gras, le jaune d&rsquo;\u0153uf et les aliments enrichis, ou par le biais de suppl\u00e9ments.<\/p><br\/><\/li>\n\n\n\n<li><p>Le <strong>curcuma<\/strong>: Cette \u00e9pice contient de la curcumine, qui poss\u00e8de de puissantes propri\u00e9t\u00e9s anti-inflammatoires et antioxydantes. Il a \u00e9t\u00e9 d\u00e9montr\u00e9 que la curcumine a des effets antid\u00e9presseurs.<\/p><br\/><\/li>\n<\/ol>\n\n<hr class=\"wp-block-separator has-alpha-channel-opacity\"\/>\n\n<h2 class=\"wp-block-heading\">Consid\u00e9rations sur le mode de vie<\/h2>\n\n<p>Outre les changements alimentaires, certaines habitudes de vie peuvent favoriser le lien entre l&rsquo;intestin et le cerveau ainsi que la sant\u00e9 mentale :<\/p>\n\n<ol class=\"wp-block-list\">\n<li><p>Une <strong>activit\u00e9 physique r\u00e9guli\u00e8re<\/strong>: Il a \u00e9t\u00e9 d\u00e9montr\u00e9 que l&rsquo;exercice physique am\u00e9liore la sant\u00e9 intestinale en augmentant la diversit\u00e9 du microbiote intestinal et en r\u00e9duisant l&rsquo;inflammation. Il lib\u00e8re \u00e9galement des endorphines, qui am\u00e9liorent l&rsquo;humeur.<\/p><br\/><\/li>\n\n\n\n<li><p>Un sommeil <strong>ad\u00e9quat<\/strong>: Un sommeil de qualit\u00e9 est essentiel pour la sant\u00e9 mentale et la sant\u00e9 intestinale. Un mauvais sommeil peut perturber le microbiome intestinal et contribuer \u00e0 la d\u00e9pression.<\/p><br\/><\/li>\n\n\n\n<li><p><strong>Gestion du stress<\/strong>: Le stress chronique a un impact n\u00e9gatif sur l&rsquo;intestin et le cerveau. Des pratiques telles que la pleine conscience, la m\u00e9ditation et le yoga peuvent contribuer \u00e0 r\u00e9duire le niveau de stress et \u00e0 am\u00e9liorer la sant\u00e9 intestinale.<\/p><br\/><\/li>\n\n\n\n<li><p><strong>\u00c9viter les substances nocives<\/strong>: La r\u00e9duction de la consommation d&rsquo;alcool, de caf\u00e9ine et d&rsquo;aliments transform\u00e9s peut favoriser un intestin plus sain et une meilleure r\u00e9gulation de l&rsquo;humeur.<\/p><\/li>\n<\/ol>\n\n<hr class=\"wp-block-separator has-alpha-channel-opacity\"\/>\n\n<h2 class=\"wp-block-heading\">Conclusion<\/h2>\n\n<p>Le lien entre l&rsquo;intestin et le cerveau souligne l&rsquo;importance d&rsquo;un intestin sain dans la gestion et le traitement potentiel de la d\u00e9pression majeure. En incorporant des aliments curatifs et en adoptant un mode de vie sain, les individus peuvent favoriser la sant\u00e9 de leurs intestins, ce qui peut \u00e0 son tour avoir une influence positive sur leur sant\u00e9 mentale. Si les changements de r\u00e9gime et de mode de vie peuvent \u00eatre b\u00e9n\u00e9fiques, ils doivent compl\u00e9ter, et non remplacer, le traitement professionnel de la d\u00e9pression. Consultez toujours un professionnel de la sant\u00e9 avant d&rsquo;apporter des changements importants \u00e0 votre r\u00e9gime alimentaire ou \u00e0 votre plan de traitement.<\/p>\n","protected":false},"excerpt":{"rendered":"<p>La d\u00e9pression, \u00e9galement connue sous le nom de d\u00e9pression clinique ou de trouble d\u00e9pressif majeur, est un probl\u00e8me de sant\u00e9 mentale qui touche des millions de personnes dans le monde. Il s&rsquo;agit d&rsquo;un trouble grave de l&rsquo;humeur qui se traduit par un sentiment persistant de tristesse et une perte d&rsquo;int\u00e9r\u00eat pour les activit\u00e9s. Les personnes [&hellip;]<\/p>\n","protected":false},"author":1,"featured_media":1568,"comment_status":"open","ping_status":"open","sticky":false,"template":"","format":"standard","meta":{"footnotes":""},"categories":[103,88],"tags":[],"class_list":["post-1565","post","type-post","status-publish","format-standard","has-post-thumbnail","hentry","category-depression-fr","category-sante-mentale"],"_links":{"self":[{"href":"https:\/\/brandliebe.com\/fr\/wp-json\/wp\/v2\/posts\/1565","targetHints":{"allow":["GET"]}}],"collection":[{"href":"https:\/\/brandliebe.com\/fr\/wp-json\/wp\/v2\/posts"}],"about":[{"href":"https:\/\/brandliebe.com\/fr\/wp-json\/wp\/v2\/types\/post"}],"author":[{"embeddable":true,"href":"https:\/\/brandliebe.com\/fr\/wp-json\/wp\/v2\/users\/1"}],"replies":[{"embeddable":true,"href":"https:\/\/brandliebe.com\/fr\/wp-json\/wp\/v2\/comments?post=1565"}],"version-history":[{"count":1,"href":"https:\/\/brandliebe.com\/fr\/wp-json\/wp\/v2\/posts\/1565\/revisions"}],"predecessor-version":[{"id":1570,"href":"https:\/\/brandliebe.com\/fr\/wp-json\/wp\/v2\/posts\/1565\/revisions\/1570"}],"wp:featuredmedia":[{"embeddable":true,"href":"https:\/\/brandliebe.com\/fr\/wp-json\/wp\/v2\/media\/1568"}],"wp:attachment":[{"href":"https:\/\/brandliebe.com\/fr\/wp-json\/wp\/v2\/media?parent=1565"}],"wp:term":[{"taxonomy":"category","embeddable":true,"href":"https:\/\/brandliebe.com\/fr\/wp-json\/wp\/v2\/categories?post=1565"},{"taxonomy":"post_tag","embeddable":true,"href":"https:\/\/brandliebe.com\/fr\/wp-json\/wp\/v2\/tags?post=1565"}],"curies":[{"name":"wp","href":"https:\/\/api.w.org\/{rel}","templated":true}]}}