{"id":2942,"date":"2024-08-09T00:38:22","date_gmt":"2024-08-09T00:38:22","guid":{"rendered":"https:\/\/brandliebe.com\/comment-equilibrer-les-energies-masculine-et-feminine-a-linterieur-de-soi\/"},"modified":"2024-08-13T17:23:51","modified_gmt":"2024-08-13T17:23:51","slug":"comment-equilibrer-les-energies-masculine-et-feminine-a-linterieur-de-soi","status":"publish","type":"post","link":"https:\/\/brandliebe.com\/fr\/comment-equilibrer-les-energies-masculine-et-feminine-a-linterieur-de-soi\/","title":{"rendered":"Comment \u00e9quilibrer les \u00e9nergies masculine et f\u00e9minine \u00e0 l&rsquo;int\u00e9rieur de soi."},"content":{"rendered":"\n<p>L&rsquo;\u00e9quilibre entre les \u00e9nergies masculine et f\u00e9minine est essentiel pour atteindre l&rsquo;harmonie et le bien-\u00eatre dans notre vie.\nCes \u00e9nergies ne sont pas li\u00e9es au sexe, mais repr\u00e9sentent des qualit\u00e9s diff\u00e9rentes qui existent en chacun de nous.\nL&rsquo;\u00e9nergie masculine est souvent associ\u00e9e \u00e0 l&rsquo;action, \u00e0 la logique et \u00e0 l&rsquo;affirmation de soi, tandis que l&rsquo;\u00e9nergie f\u00e9minine incarne l&rsquo;intuition, la compassion et la r\u00e9ceptivit\u00e9.\nLorsque ces \u00e9nergies sont en \u00e9quilibre, elles se compl\u00e8tent mutuellement et conduisent \u00e0 une vie plus \u00e9panouie et plus centr\u00e9e.   <\/p>\n\n<hr class=\"wp-block-separator has-alpha-channel-opacity\"\/>\n\n<h2 class=\"wp-block-heading\">Qu&rsquo;est-ce que l&rsquo;\u00e9nergie masculine ?<\/h2>\n\n<p>L<strong>&lsquo;\u00e9nergie masculine<\/strong> est une force dynamique en nous qui incarne les qualit\u00e9s d&rsquo;action, de d\u00e9termination et de logique.\nElle est souvent associ\u00e9e aux caract\u00e9ristiques suivantes : <\/p>\n\n<ol class=\"wp-block-list\">\n<li><strong>Action et r\u00e9alisation<\/strong>:\n<ul class=\"wp-block-list\">\n<li>L&rsquo;\u00e9nergie masculine est motiv\u00e9e par le besoin d&rsquo;agir, de r\u00e9aliser et d&rsquo;accomplir.\nElle nous pousse \u00e0 aller de l&rsquo;avant, \u00e0 nous fixer des objectifs et \u00e0 prendre les mesures n\u00e9cessaires pour les atteindre. <\/li>\n\n\n\n<li>Cette \u00e9nergie est la force qui sous-tend la prise de d\u00e9cision, la planification et l&rsquo;ex\u00e9cution des t\u00e2ches.\nElle se nourrit de progr\u00e8s et de r\u00e9sultats mesurables, menant souvent \u00e0 des succ\u00e8s tangibles. <\/li>\n<\/ul>\n<\/li>\n\n\n\n<li><strong>Logique et raison<\/strong>:\n<ul class=\"wp-block-list\">\n<li>La logique et la raison sont au c\u0153ur de l&rsquo;\u00e9nergie masculine.\nElle donne la priorit\u00e9 \u00e0 la r\u00e9flexion sur les probl\u00e8mes, \u00e0 l&rsquo;analyse des situations et \u00e0 la recherche de solutions pratiques. <\/li>\n\n\n\n<li>Cette \u00e9nergie nous aide \u00e0 relever les d\u00e9fis avec un \u00e9tat d&rsquo;esprit clair et rationnel, ce qui nous permet d&rsquo;aborder plus facilement les complexit\u00e9s de la vie sans \u00eatre submerg\u00e9s par les \u00e9motions.<\/li>\n<\/ul>\n<\/li>\n\n\n\n<li><strong>Force et affirmation de soi<\/strong>:\n<ul class=\"wp-block-list\">\n<li>L&rsquo;\u00e9nergie masculine est affirmative et confiante, elle nous donne le courage de nous d\u00e9fendre et de d\u00e9fendre les autres.\nElle encourage le leadership, la prise d&rsquo;initiative et la fixation de limites. <\/li>\n\n\n\n<li>Cette force n&rsquo;est pas seulement physique, mais aussi mentale et \u00e9motionnelle, ce qui nous permet de faire face \u00e0 l&rsquo;adversit\u00e9 avec r\u00e9silience et d\u00e9termination.<\/li>\n<\/ul>\n<\/li>\n\n\n\n<li><strong>Ind\u00e9pendance et autonomie<\/strong>:\n<ul class=\"wp-block-list\">\n<li>L&rsquo;\u00e9nergie masculine valorise l&rsquo;ind\u00e9pendance et l&rsquo;autonomie.\nElle nous pousse \u00e0 assumer la responsabilit\u00e9 de nos actions et de nos r\u00e9sultats, ce qui favorise un sentiment d&rsquo;autonomie. <\/li>\n\n\n\n<li>Cette \u00e9nergie nous encourage \u00e0 \u00eatre autosuffisants, capables de relever les d\u00e9fis par nous-m\u00eames sans d\u00e9pendre fortement des autres.<\/li>\n<\/ul>\n<\/li>\n<\/ol>\n\n<hr class=\"wp-block-separator has-alpha-channel-opacity\"\/>\n\n<h2 class=\"wp-block-heading\">Qu&rsquo;est-ce que l&rsquo;\u00e9nergie f\u00e9minine ?<\/h2>\n\n<p>L<strong>&lsquo;\u00e9nergie f\u00e9minine<\/strong> est une force nourrici\u00e8re et intuitive profond\u00e9ment li\u00e9e aux \u00e9motions, \u00e0 la cr\u00e9ativit\u00e9 et \u00e0 la r\u00e9ceptivit\u00e9.\nElle se caract\u00e9rise par les attributs suivants : <\/p>\n\n<ol class=\"wp-block-list\">\n<li><strong>Intuition et \u00e9motion<\/strong>:\n<ul class=\"wp-block-list\">\n<li>L&rsquo;\u00e9nergie f\u00e9minine est profond\u00e9ment en phase avec les \u00e9motions et l&rsquo;intuition.\nElle nous aide \u00e0 \u00e9couter notre voix int\u00e9rieure, \u00e0 faire confiance \u00e0 notre intuition et \u00e0 nous connecter aux courants \u00e9motionnels sous-jacents de notre vie. <\/li>\n\n\n\n<li>Cette \u00e9nergie favorise l&#8217;empathie et la compassion, ce qui nous permet de comprendre les \u00e9motions des autres et de nous y rattacher, cr\u00e9ant ainsi des liens plus profonds et plus significatifs.<\/li>\n<\/ul>\n<\/li>\n\n\n\n<li><strong>Nourrici\u00e8re et r\u00e9ceptive<\/strong>:\n<ul class=\"wp-block-list\">\n<li>Au fond, l&rsquo;\u00e9nergie f\u00e9minine est nourrici\u00e8re et r\u00e9ceptive.\nElle incarne les qualit\u00e9s d&rsquo;attention, de soutien et la capacit\u00e9 \u00e0 faire de la place aux autres. <\/li>\n\n\n\n<li>Cette \u00e9nergie nous encourage \u00e0 \u00eatre ouverts \u00e0 l&rsquo;amour, aux conseils et \u00e0 l&rsquo;aide des autres, ainsi qu&rsquo;\u00e0 prendre soin de nous-m\u00eames et de ceux qui nous entourent.<\/li>\n<\/ul>\n<\/li>\n\n\n\n<li><strong>Cr\u00e9ativit\u00e9 et fluidit\u00e9<\/strong>:\n<ul class=\"wp-block-list\">\n<li>La cr\u00e9ativit\u00e9 est une caract\u00e9ristique de l&rsquo;\u00e9nergie f\u00e9minine.\nElle s&rsquo;\u00e9panouit dans l&rsquo;expression artistique, l&rsquo;innovation et la capacit\u00e9 \u00e0 sortir des sentiers battus. <\/li>\n\n\n\n<li>L&rsquo;\u00e9nergie f\u00e9minine consiste \u00e9galement \u00e0 suivre le rythme naturel de la vie, \u00e0 accepter le changement et \u00e0 s&rsquo;adapter avec gr\u00e2ce et facilit\u00e9.<\/li>\n<\/ul>\n<\/li>\n\n\n\n<li><strong>Collaboration et communaut\u00e9<\/strong>:\n<ul class=\"wp-block-list\">\n<li>L&rsquo;\u00e9nergie f\u00e9minine valorise la collaboration et le pouvoir de la communaut\u00e9.\nElle comprend l&rsquo;importance de travailler ensemble, de partager les ressources et de cr\u00e9er des liens. <\/li>\n\n\n\n<li>Cette \u00e9nergie favorise l&rsquo;unit\u00e9, la coop\u00e9ration et le bien-\u00eatre collectif, par opposition \u00e0 la comp\u00e9tition et \u00e0 l&rsquo;individualisme.<\/li>\n<\/ul>\n<\/li>\n<\/ol>\n\n<hr class=\"wp-block-separator has-alpha-channel-opacity\"\/>\n\n<h2 class=\"wp-block-heading\">L&rsquo;\u00e9quilibre entre l&rsquo;\u00eatre et le faire<\/h2>\n\n<p>\u00ab\u00a0<strong>\u00catre\u00a0\u00bb et \u00ab\u00a0Faire\u00a0\u00bb<\/strong> repr\u00e9sentent respectivement l&rsquo;essence des \u00e9nergies f\u00e9minine et masculine.\nTrouver un \u00e9quilibre entre ces deux \u00e9tats est crucial pour une vie harmonieuse et \u00e9panouie. <\/p>\n\n<ol class=\"wp-block-list\">\n<li>\u00ab\u00a0<strong>Faire\u00a0\u00bb &#8211; L&rsquo;\u00e9nergie masculine de l&rsquo;action<\/strong>:\n<ul class=\"wp-block-list\">\n<li>\u00ab\u00a0Faire\u00a0\u00bb est l&rsquo;\u00e9tat actif, orient\u00e9 vers un but, dans lequel l&rsquo;\u00e9nergie masculine s&rsquo;\u00e9panouit.\nIl s&rsquo;agit de prendre des initiatives, de prendre des d\u00e9cisions et de se diriger vers des r\u00e9sultats sp\u00e9cifiques. <\/li>\n\n\n\n<li>Si \u00ab\u00a0faire\u00a0\u00bb est essentiel pour progresser et r\u00e9ussir, une trop grande importance accord\u00e9e \u00e0 cet \u00e9tat peut conduire \u00e0 l&rsquo;\u00e9puisement, au stress et \u00e0 la d\u00e9connexion avec les \u00e9motions et la paix int\u00e9rieure.<\/li>\n<\/ul>\n<\/li>\n\n\n\n<li>\u00ab\u00a0<strong>\u00catre\u00a0\u00bb &#8211; L&rsquo;\u00e9nergie f\u00e9minine de la pr\u00e9sence<\/strong>:\n<ul class=\"wp-block-list\">\n<li>\u00ab\u00a0\u00catre\u00a0\u00bb est l&rsquo;\u00e9tat de pr\u00e9sence, d&rsquo;acceptation et de flux, o\u00f9 l&rsquo;\u00e9nergie f\u00e9minine est la plus puissante.\nIl s&rsquo;agit d&rsquo;accueillir le moment pr\u00e9sent, d&rsquo;\u00e9couter l&rsquo;intuition et de permettre \u00e0 la vie de se d\u00e9rouler naturellement. <\/li>\n\n\n\n<li>\u00ab\u00a0Le fait d&rsquo;\u00eatre encourage la pleine conscience, le repos et la connexion \u00e9motionnelle.\nCependant, trop se concentrer sur \u00ab\u00a0l&rsquo;\u00eatre\u00a0\u00bb sans agir suffisamment peut entra\u00eener une stagnation, un manque d&rsquo;orientation et un potentiel non r\u00e9alis\u00e9. <\/li>\n<\/ul>\n<\/li>\n<\/ol>\n\n<hr class=\"wp-block-separator has-alpha-channel-opacity\"\/>\n\n<h2 class=\"wp-block-heading\">Comp\u00e9tences \u00e9nerg\u00e9tiques masculines :<\/h2>\n\n<ol class=\"wp-block-list\">\n<li><strong>Prise de d\u00e9cision<\/strong>: Capacit\u00e9 \u00e0 prendre rapidement des d\u00e9cisions claires et logiques.<\/li>\n\n\n\n<li><strong>Leadership<\/strong>: Guider et diriger les autres en toute confiance.<\/li>\n\n\n\n<li><strong>L<\/strong>&lsquo;<strong>affirmation de soi<\/strong>: Se d\u00e9fendre et fixer des limites.<\/li>\n\n\n\n<li><strong>R\u00e9solution de probl\u00e8mes<\/strong>: Analyser les situations et trouver des solutions pratiques.<\/li>\n\n\n\n<li><strong>Fixation d&rsquo;objectifs<\/strong>: D\u00e9finir et poursuivre des objectifs sp\u00e9cifiques.<\/li>\n\n\n\n<li><strong>Discipline<\/strong>: Rester concentr\u00e9 et s&rsquo;engager dans les t\u00e2ches \u00e0 accomplir.<\/li>\n\n\n\n<li><strong>R\u00e9silience<\/strong>: Surmonter les d\u00e9fis et persister \u00e0 travers les difficult\u00e9s.<\/li>\n<\/ol>\n\n<h2 class=\"wp-block-heading\">Comp\u00e9tences \u00e9nerg\u00e9tiques f\u00e9minines :<\/h2>\n\n<ol class=\"wp-block-list\">\n<li><strong>Intuition<\/strong>: Faire confiance \u00e0 son intuition et \u00e0 sa sagesse int\u00e9rieure.<\/li>\n\n\n\n<li><strong>Empathie<\/strong>: Comprendre et partager les sentiments des autres.<\/li>\n\n\n\n<li><strong>Cr\u00e9ativit\u00e9<\/strong>: Sortir des sentiers battus et exprimer ses id\u00e9es de mani\u00e8re artistique.<\/li>\n\n\n\n<li><strong>Nourrir<\/strong>: Prendre soin des autres et les soutenir sur le plan \u00e9motionnel.<\/li>\n\n\n\n<li><strong>\u00c9coute active<\/strong>: S&rsquo;engager pleinement dans les pens\u00e9es et les sentiments des autres.<\/li>\n\n\n\n<li><strong>Adaptabilit\u00e9<\/strong>: Suivre le courant et accepter le changement avec gr\u00e2ce.<\/li>\n\n\n\n<li><strong>Collaboration<\/strong>: Travailler efficacement avec les autres, favoriser le travail d&rsquo;\u00e9quipe et l&rsquo;unit\u00e9.<\/li>\n<\/ol>\n\n<hr class=\"wp-block-separator has-alpha-channel-opacity\"\/>\n\n<h2 class=\"wp-block-heading\">\u00c9tapes pour \u00e9quilibrer l&rsquo;\u00e9nergie masculine et f\u00e9minine<\/h2>\n\n<ol class=\"wp-block-list\">\n<li><strong>Conscience de soi et r\u00e9flexion<\/strong>:\n<ul class=\"wp-block-list\">\n<li>Commencez par \u00e9valuer votre \u00e9tat actuel.\n\u00cates-vous plus enclin \u00e0 l&rsquo;\u00e9nergie masculine ou f\u00e9minine ?\nR\u00e9fl\u00e9chissez \u00e0 la mani\u00e8re dont cela affecte vos pens\u00e9es, vos comportements et vos interactions.  <\/li>\n\n\n\n<li>La r\u00e9daction d&rsquo;un journal peut \u00eatre un outil puissant pour l&rsquo;autor\u00e9flexion.\n\u00c9crivez sur vos exp\u00e9riences, vos \u00e9motions et l&rsquo;\u00e9quilibre des \u00e9nergies en vous. <\/li>\n<\/ul>\n<\/li>\n\n\n\n<li><strong>Embrassez les deux \u00e9nergies<\/strong>:\n<ul class=\"wp-block-list\">\n<li>Autorisez-vous \u00e0 exprimer vos qualit\u00e9s masculines et f\u00e9minines sans jugement.\nReconnaissez que les deux sont n\u00e9cessaires et pr\u00e9cieux. <\/li>\n\n\n\n<li>Entra\u00eenez-vous \u00e0 vous affirmer et \u00e0 agir si n\u00e9cessaire, mais permettez-vous aussi d&rsquo;\u00eatre vuln\u00e9rable, intuitif et attentionn\u00e9.<\/li>\n<\/ul>\n<\/li>\n\n\n\n<li><strong>Pleine conscience et m\u00e9ditation<\/strong>:\n<ul class=\"wp-block-list\">\n<li>Adoptez des pratiques de pleine conscience pour rester pr\u00e9sent et conscient de vos \u00e9nergies internes.\nLa m\u00e9ditation peut vous aider \u00e0 vous connecter \u00e0 votre moi int\u00e9rieur et \u00e0 cr\u00e9er une harmonie entre vos c\u00f4t\u00e9s masculin et f\u00e9minin. <\/li>\n\n\n\n<li>Les techniques de visualisation peuvent \u00e9galement \u00eatre utiles.\nImaginez les \u00e9nergies en vous comme deux forces compl\u00e9mentaires travaillant ensemble en \u00e9quilibre. <\/li>\n<\/ul>\n<\/li>\n\n\n\n<li><strong>Cultiver l&rsquo;intelligence \u00e9motionnelle<\/strong>:\n<ul class=\"wp-block-list\">\n<li>L&rsquo;intelligence \u00e9motionnelle consiste \u00e0 reconna\u00eetre, comprendre et g\u00e9rer ses \u00e9motions.\nElle est \u00e9troitement li\u00e9e \u00e0 l&rsquo;\u00e9nergie f\u00e9minine et contribue \u00e0 l&rsquo;\u00e9quilibrer avec la logique masculine. <\/li>\n\n\n\n<li>Pratiquez l&#8217;empathie, l&rsquo;\u00e9coute active et la compassion dans vos interactions avec les autres.<\/li>\n<\/ul>\n<\/li>\n\n\n\n<li><strong>Activit\u00e9 physique et mouvement<\/strong>:\n<ul class=\"wp-block-list\">\n<li>Pratiquez des activit\u00e9s qui \u00e9quilibrent les deux \u00e9nergies.\nPar exemple, le yoga associe la force physique (masculine) \u00e0 des mouvements fluides et \u00e0 la pleine conscience (f\u00e9minine). <\/li>\n\n\n\n<li>La danse est un autre excellent moyen de vous connecter \u00e0 votre \u00e9nergie f\u00e9minine tout en exprimant l&rsquo;assurance et la cr\u00e9ativit\u00e9 masculines.<\/li>\n<\/ul>\n<\/li>\n\n\n\n<li><strong>Fixez des limites et prenez soin de vous :<\/strong>\n<ul class=\"wp-block-list\">\n<li>Fixer des limites saines est un trait de caract\u00e8re masculin qui prot\u00e8ge votre \u00e9nergie et votre bien-\u00eatre.\nVeillez \u00e0 ne pas vous surmener ou \u00e0 ne pas en faire trop. <\/li>\n\n\n\n<li>Le soin de soi, une pratique f\u00e9minine, implique de prendre soin de soi, de prendre le temps de se d\u00e9tendre et d&rsquo;\u00eatre bienveillant envers soi-m\u00eame.<\/li>\n<\/ul>\n<\/li>\n\n\n\n<li><strong>\u00c9quilibrer le travail et le repos<\/strong>:\n<ul class=\"wp-block-list\">\n<li>Veillez \u00e0 ne pas vous concentrer excessivement sur le travail et la r\u00e9ussite (masculin) au d\u00e9triment du repos et de la d\u00e9tente (f\u00e9minin).\nTrouvez un rythme qui vous permette d&rsquo;\u00eatre productif tout en prenant le temps de vous ressourcer. <\/li>\n<\/ul>\n<\/li>\n\n\n\n<li><strong>Connectez-vous \u00e0 la nature<\/strong>:\n<ul class=\"wp-block-list\">\n<li>La nature incarne un \u00e9quilibre parfait entre les \u00e9nergies masculines et f\u00e9minines.\nPasser du temps \u00e0 l&rsquo;ext\u00e9rieur peut vous aider \u00e0 vous reconnecter \u00e0 ces rythmes naturels et \u00e0 trouver l&rsquo;\u00e9quilibre en vous. <\/li>\n<\/ul>\n<\/li>\n<\/ol>\n\n<hr class=\"wp-block-separator has-alpha-channel-opacity\"\/>\n\n<h2 class=\"wp-block-heading\">Conclusion<\/h2>\n\n<p>L&rsquo;\u00e9quilibre entre les \u00e9nergies masculine et f\u00e9minine est un voyage permanent de d\u00e9couverte de soi et de croissance.\nEn embrassant et en int\u00e9grant les deux \u00e9nergies, vous pouvez cr\u00e9er une vie plus harmonieuse, plus \u00e9panouissante et plus autonome.\nRappelez-vous que la cl\u00e9 de l&rsquo;\u00e9quilibre r\u00e9side dans la conscience de soi, l&rsquo;acceptation et la volont\u00e9 de cultiver et d&rsquo;honorer les deux aspects de votre \u00eatre.  <\/p>\n\n<p><\/p>\n","protected":false},"excerpt":{"rendered":"<p>L&rsquo;\u00e9quilibre entre les \u00e9nergies masculine et f\u00e9minine est essentiel pour atteindre l&rsquo;harmonie et le bien-\u00eatre dans notre vie. Ces \u00e9nergies ne sont pas li\u00e9es au sexe, mais repr\u00e9sentent des qualit\u00e9s diff\u00e9rentes qui existent en chacun de nous. L&rsquo;\u00e9nergie masculine est souvent associ\u00e9e \u00e0 l&rsquo;action, \u00e0 la logique et \u00e0 l&rsquo;affirmation de soi, tandis que l&rsquo;\u00e9nergie [&hellip;]<\/p>\n","protected":false},"author":1,"featured_media":2936,"comment_status":"open","ping_status":"open","sticky":false,"template":"","format":"standard","meta":{"footnotes":""},"categories":[107,74],"tags":[],"class_list":["post-2942","post","type-post","status-publish","format-standard","has-post-thumbnail","hentry","category-croissance-personnelle","category-spiritualite"],"_links":{"self":[{"href":"https:\/\/brandliebe.com\/fr\/wp-json\/wp\/v2\/posts\/2942","targetHints":{"allow":["GET"]}}],"collection":[{"href":"https:\/\/brandliebe.com\/fr\/wp-json\/wp\/v2\/posts"}],"about":[{"href":"https:\/\/brandliebe.com\/fr\/wp-json\/wp\/v2\/types\/post"}],"author":[{"embeddable":true,"href":"https:\/\/brandliebe.com\/fr\/wp-json\/wp\/v2\/users\/1"}],"replies":[{"embeddable":true,"href":"https:\/\/brandliebe.com\/fr\/wp-json\/wp\/v2\/comments?post=2942"}],"version-history":[{"count":2,"href":"https:\/\/brandliebe.com\/fr\/wp-json\/wp\/v2\/posts\/2942\/revisions"}],"predecessor-version":[{"id":2968,"href":"https:\/\/brandliebe.com\/fr\/wp-json\/wp\/v2\/posts\/2942\/revisions\/2968"}],"wp:featuredmedia":[{"embeddable":true,"href":"https:\/\/brandliebe.com\/fr\/wp-json\/wp\/v2\/media\/2936"}],"wp:attachment":[{"href":"https:\/\/brandliebe.com\/fr\/wp-json\/wp\/v2\/media?parent=2942"}],"wp:term":[{"taxonomy":"category","embeddable":true,"href":"https:\/\/brandliebe.com\/fr\/wp-json\/wp\/v2\/categories?post=2942"},{"taxonomy":"post_tag","embeddable":true,"href":"https:\/\/brandliebe.com\/fr\/wp-json\/wp\/v2\/tags?post=2942"}],"curies":[{"name":"wp","href":"https:\/\/api.w.org\/{rel}","templated":true}]}}