{"id":4656,"date":"2024-11-19T17:33:29","date_gmt":"2024-11-19T17:33:29","guid":{"rendered":"https:\/\/brandliebe.com\/developpement-personnel-et-leadership-une-feuille-de-route-pour-reussir-en-2025\/"},"modified":"2024-12-04T12:35:31","modified_gmt":"2024-12-04T12:35:31","slug":"developpement-personnel-et-leadership-une-feuille-de-route-pour-reussir-en-2025","status":"publish","type":"post","link":"https:\/\/brandliebe.com\/fr\/developpement-personnel-et-leadership-une-feuille-de-route-pour-reussir-en-2025\/","title":{"rendered":"D\u00e9veloppement personnel et leadership : Une feuille de route pour r\u00e9ussir en 2025"},"content":{"rendered":"\n<p>Le d\u00e9veloppement personnel et le leadership sont essentiels pour quiconque souhaite s&rsquo;\u00e9panouir en tant que personne et en tant que professionnel. Les leaders efficaces n&rsquo;apparaissent pas du jour au lendemain : ils sont cultiv\u00e9s gr\u00e2ce \u00e0 un processus structur\u00e9 de connaissance de soi, d&rsquo;apprentissage et de programmes cibl\u00e9s de d\u00e9veloppement du leadership. Que vous recherchiez activement des occasions d&rsquo;am\u00e9liorer vos comp\u00e9tences en leadership ou que vous \u00e9laboriez un plan personnel de d\u00e9veloppement du leadership, cet article vous servira de guide pour atteindre l&rsquo;efficacit\u00e9 en mati\u00e8re de leadership et le d\u00e9veloppement personnel.  <\/p>\n\n<hr class=\"wp-block-separator has-alpha-channel-opacity\"\/>\n\n<h2 class=\"wp-block-heading\">D\u00e9veloppement du leadership : Les fondements de la r\u00e9ussite<\/h2>\n\n<p>Le d\u00e9veloppement du leadership consiste \u00e0 am\u00e9liorer les comp\u00e9tences et les aptitudes qui font un bon dirigeant. Il se concentre sur le d\u00e9veloppement des comp\u00e9tences personnelles et professionnelles afin d&rsquo;aider les dirigeants \u00e0 devenir plus efficaces dans leur r\u00f4le. <\/p>\n\n<h3 class=\"wp-block-heading\">Avantages du d\u00e9veloppement du leadership<\/h3>\n\n<ul class=\"wp-block-list\">\n<li><strong>Meilleure connaissance de soi :<\/strong> La formation au leadership vous aide \u00e0 mieux vous conna\u00eetre, \u00e0 identifier vos points forts et vos points faibles.<\/li>\n\n\n\n<li><strong>Des relations plus fortes :<\/strong> \u00c9tablissez des relations solides avec votre \u00e9quipe gr\u00e2ce \u00e0 une meilleure communication et \u00e0 une \u00e9coute active.<\/li>\n\n\n\n<li><strong>Am\u00e9lioration de la prise de d\u00e9cision :<\/strong> Prenez de meilleures d\u00e9cisions en apprenant \u00e0 \u00e9tablir des priorit\u00e9s et \u00e0 d\u00e9l\u00e9guer efficacement.<\/li>\n\n\n\n<li><strong>Augmentation de l&rsquo;impact organisationnel :<\/strong> Le d\u00e9veloppement du leadership peut aider les organisations \u00e0 prosp\u00e9rer en pr\u00e9parant les dirigeants \u00e0 relever les d\u00e9fis.<\/li>\n<\/ul>\n\n<h3 class=\"wp-block-heading\">Programmes de formation au leadership<\/h3>\n\n<p>Investir dans un programme de d\u00e9veloppement du leadership est une \u00e9tape cruciale pour tout dirigeant. Ces programmes aident les dirigeants \u00e0 <\/p>\n\n<ol class=\"wp-block-list\">\n<li>D\u00e9couvrez leur style de leadership.<\/li>\n\n\n\n<li>Instaurer un climat de confiance avec leurs \u00e9quipes.<\/li>\n\n\n\n<li>D\u00e9veloppez des comp\u00e9tences personnelles en mati\u00e8re de leadership, telles que l&rsquo;adaptabilit\u00e9, une communication claire et un d\u00e9vouement in\u00e9branlable.<\/li>\n<\/ol>\n\n<hr class=\"wp-block-separator has-alpha-channel-opacity\"\/>\n\n<h2 class=\"wp-block-heading\">Le r\u00f4le du d\u00e9veloppement personnel dans le leadership<\/h2>\n\n<p>Le d\u00e9veloppement personnel est le fondement d&rsquo;un grand leadership. Les dirigeants doivent constamment se d\u00e9velopper en tant qu&rsquo;individus afin d&rsquo;inspirer et de guider efficacement les autres. <\/p>\n\n<h3 class=\"wp-block-heading\">Fa\u00e7ons d&rsquo;am\u00e9liorer le leadership personnel<\/h3>\n\n<ol class=\"wp-block-list\">\n<li><strong>R\u00e9flexion personnelle :<\/strong> R\u00e9fl\u00e9chissez r\u00e9guli\u00e8rement \u00e0 votre mission personnelle et fixez-vous des objectifs conformes \u00e0 vos valeurs.<\/li>\n\n\n\n<li><strong>Apprenez et d\u00e9veloppez-vous :<\/strong> Lisez des livres, participez \u00e0 des s\u00e9minaires ou utilisez des outils comme Trello pour organiser votre plan de leadership personnel.<\/li>\n\n\n\n<li><strong>Am\u00e9liorez vos comp\u00e9tences non techniques :<\/strong> D\u00e9veloppez des comp\u00e9tences sp\u00e9cifiques telles que l&rsquo;intelligence \u00e9motionnelle, l&rsquo;\u00e9coute active et l&rsquo;adaptabilit\u00e9.<\/li>\n<\/ol>\n\n<h3 class=\"wp-block-heading\">\u00c9laborer un plan de leadership personnel<\/h3>\n\n<p>Un plan de d\u00e9veloppement du leadership personnel sert de feuille de route pour votre parcours de leadership. Il doit comprendre <\/p>\n\n<ul class=\"wp-block-list\">\n<li><strong>Objectifs de d\u00e9veloppement :<\/strong> Identifiez ce que vous voulez accomplir.<\/li>\n\n\n\n<li><strong>Calendrier :<\/strong> Fixez des d\u00e9lais r\u00e9alistes pour atteindre vos objectifs.<\/li>\n\n\n\n<li><strong>Possibilit\u00e9s d&rsquo;apprentissage et de d\u00e9veloppement :<\/strong> Participez activement \u00e0 des programmes de formation et de mentorat.<\/li>\n<\/ul>\n\n<hr class=\"wp-block-separator has-alpha-channel-opacity\"\/>\n\n<h2 class=\"wp-block-heading\">Cultiver les comp\u00e9tences de leadership pour 2025<\/h2>\n\n<p>Les comp\u00e9tences en mati\u00e8re de leadership \u00e9voluent au fil du temps et il est essentiel de se tenir au courant des derni\u00e8res tendances. Les dirigeants doivent s&rsquo;adapter au changement, am\u00e9liorer les relations avec leur \u00e9quipe et se concentrer sur la r\u00e9alisation des objectifs de l&rsquo;organisation. <\/p>\n\n<h3 class=\"wp-block-heading\">Comp\u00e9tences n\u00e9cessaires pour un bon leadership<\/h3>\n\n<ul class=\"wp-block-list\">\n<li><strong>L&rsquo;\u00e9coute active :<\/strong> Permet d&rsquo;instaurer la confiance et d&rsquo;am\u00e9liorer les relations avec votre \u00e9quipe.<\/li>\n\n\n\n<li><strong>Gestion de projet :<\/strong> Organiser et d\u00e9l\u00e9guer efficacement les t\u00e2ches pour atteindre les objectifs.<\/li>\n\n\n\n<li><strong>Une communication claire et concise :<\/strong> Assurez-vous que votre message est compris par tous les membres de l&rsquo;\u00e9quipe.<\/li>\n\n\n\n<li><strong>L&rsquo;adaptabilit\u00e9 :<\/strong> Soyez pr\u00eat \u00e0 adapter votre approche du leadership en fonction de la situation.<\/li>\n<\/ul>\n\n<h3 class=\"wp-block-heading\">D\u00e9velopper le potentiel de leadership<\/h3>\n\n<p>Chaque dirigeant peut d\u00e9velopper son potentiel de leadership en suivant une approche structur\u00e9e :<\/p>\n\n<ol class=\"wp-block-list\">\n<li><strong>Identifiez vos forces et vos faiblesses :<\/strong> Utilisez l&rsquo;auto-r\u00e9flexion pour identifier les domaines \u00e0 am\u00e9liorer.<\/li>\n\n\n\n<li><strong>Fixez des objectifs pr\u00e9cis :<\/strong> Fixez vos objectifs avec des r\u00e9sultats mesurables.<\/li>\n\n\n\n<li><strong>Poursuivre activement la croissance :<\/strong> Cherchez \u00e0 obtenir un retour d&rsquo;information, participez \u00e0 des programmes d&rsquo;apprentissage et de d\u00e9veloppement et am\u00e9liorez continuellement vos comp\u00e9tences.<\/li>\n<\/ol>\n\n<hr class=\"wp-block-separator has-alpha-channel-opacity\"\/>\n\n<h2 class=\"wp-block-heading\">Le leadership personnel : La cl\u00e9 de l&rsquo;\u00e9quilibre entre vie et travail<\/h2>\n\n<p>Le leadership personnel consiste \u00e0 int\u00e9grer votre vie personnelle et professionnelle pour atteindre un \u00e9quilibre harmonieux. Cette approche permet aux dirigeants d&rsquo;\u00eatre plus efficaces et plus \u00e9panouis. <\/p>\n\n<h3 class=\"wp-block-heading\">Renforcer vos comp\u00e9tences<\/h3>\n\n<p>Le d\u00e9veloppement du leadership personnel implique de donner la priorit\u00e9 \u00e0 la fois au d\u00e9veloppement personnel et aux responsabilit\u00e9s de leadership :<\/p>\n\n<ul class=\"wp-block-list\">\n<li><strong>Connaissance de soi :<\/strong> Comprenez vos valeurs et la mani\u00e8re dont elles influencent vos d\u00e9cisions.<\/li>\n\n\n\n<li><strong>Apprentissage et croissance :<\/strong> S&rsquo;am\u00e9liorer continuellement en recherchant des opportunit\u00e9s de croissance.<\/li>\n\n\n\n<li><strong>Un engagement sans faille :<\/strong> Restez concentr\u00e9 sur vos objectifs personnels et professionnels.<\/li>\n<\/ul>\n\n<h3 class=\"wp-block-heading\">Conseils pratiques pour le leadership personnel<\/h3>\n\n<ul class=\"wp-block-list\">\n<li>D\u00e9l\u00e9guez efficacement les t\u00e2ches afin de lib\u00e9rer du temps pour la prise de d\u00e9cisions strat\u00e9giques.<\/li>\n\n\n\n<li>Cr\u00e9ez un style de leadership personnel qui refl\u00e8te vos valeurs et vos points forts.<\/li>\n\n\n\n<li>Rechercher activement des opportunit\u00e9s d&rsquo;apprentissage et de d\u00e9veloppement par le biais du mentorat et de la formation.<\/li>\n<\/ul>\n\n<hr class=\"wp-block-separator has-alpha-channel-opacity\"\/>\n\n<h2 class=\"wp-block-heading\">Efficacit\u00e9 du leadership : Atteindre vos objectifs en 2025<\/h2>\n\n<p>Pour r\u00e9ussir en tant que dirigeant, il faut combiner le d\u00e9veloppement personnel, l&rsquo;acquisition de comp\u00e9tences et la planification strat\u00e9gique. Le d\u00e9veloppement du leadership peut vous aider \u00e0 mieux vous conna\u00eetre, \u00e0 am\u00e9liorer votre style de leadership et \u00e0 prendre de meilleures d\u00e9cisions. <\/p>\n\n<h3 class=\"wp-block-heading\">\u00c9tapes pour atteindre l&rsquo;efficacit\u00e9 du leadership<\/h3>\n\n<ol class=\"wp-block-list\">\n<li><strong>Fixez des objectifs clairs :<\/strong> D\u00e9finissez ce que vous voulez accomplir dans votre parcours de dirigeant.<\/li>\n\n\n\n<li><strong>Mettez l&rsquo;accent sur les relations :<\/strong> Instaurez un climat de confiance et renforcez les relations avec votre \u00e9quipe.<\/li>\n\n\n\n<li><strong>Restez engag\u00e9 :<\/strong> Faites preuve d&rsquo;un d\u00e9vouement in\u00e9branlable \u00e0 l&rsquo;\u00e9gard de vos objectifs de d\u00e9veloppement.<\/li>\n\n\n\n<li><strong>Continuez \u00e0 apprendre :<\/strong> Tenez-vous au courant des derni\u00e8res tendances et outils en mati\u00e8re de leadership.<\/li>\n<\/ol>\n\n<hr class=\"wp-block-separator has-alpha-channel-opacity\"\/>\n\n<h2 class=\"wp-block-heading\">Conclusion<\/h2>\n\n<p>Le leadership n&rsquo;est pas une destination, mais un voyage continu d&rsquo;apprentissage, de croissance et d&rsquo;auto-r\u00e9flexion. En poursuivant activement votre d\u00e9veloppement personnel et professionnel, en vous fixant des objectifs clairs et en tirant parti des programmes de leadership, vous pouvez d\u00e9velopper vos comp\u00e9tences personnelles en mati\u00e8re de leadership et lib\u00e9rer votre potentiel de leadership en 2025. Que vous en soyez \u00e0 vos d\u00e9buts ou que vous soyez d\u00e9j\u00e0 un exemple de leadership, les possibilit\u00e9s d&rsquo;am\u00e9lioration sont infinies. Utilisez ce guide pour hi\u00e9rarchiser vos objectifs de d\u00e9veloppement et vous serez sur la bonne voie pour devenir un grand leader.   <\/p>\n","protected":false},"excerpt":{"rendered":"<p>Le d\u00e9veloppement personnel et le leadership sont essentiels pour quiconque souhaite s&rsquo;\u00e9panouir en tant que personne et en tant que professionnel. Les leaders efficaces n&rsquo;apparaissent pas du jour au lendemain : ils sont cultiv\u00e9s gr\u00e2ce \u00e0 un processus structur\u00e9 de connaissance de soi, d&rsquo;apprentissage et de programmes cibl\u00e9s de d\u00e9veloppement du leadership. Que vous recherchiez [&hellip;]<\/p>\n","protected":false},"author":1,"featured_media":4420,"comment_status":"open","ping_status":"open","sticky":false,"template":"","format":"standard","meta":{"footnotes":""},"categories":[107,74],"tags":[],"class_list":["post-4656","post","type-post","status-publish","format-standard","has-post-thumbnail","hentry","category-croissance-personnelle","category-spiritualite"],"_links":{"self":[{"href":"https:\/\/brandliebe.com\/fr\/wp-json\/wp\/v2\/posts\/4656","targetHints":{"allow":["GET"]}}],"collection":[{"href":"https:\/\/brandliebe.com\/fr\/wp-json\/wp\/v2\/posts"}],"about":[{"href":"https:\/\/brandliebe.com\/fr\/wp-json\/wp\/v2\/types\/post"}],"author":[{"embeddable":true,"href":"https:\/\/brandliebe.com\/fr\/wp-json\/wp\/v2\/users\/1"}],"replies":[{"embeddable":true,"href":"https:\/\/brandliebe.com\/fr\/wp-json\/wp\/v2\/comments?post=4656"}],"version-history":[{"count":1,"href":"https:\/\/brandliebe.com\/fr\/wp-json\/wp\/v2\/posts\/4656\/revisions"}],"predecessor-version":[{"id":4658,"href":"https:\/\/brandliebe.com\/fr\/wp-json\/wp\/v2\/posts\/4656\/revisions\/4658"}],"wp:featuredmedia":[{"embeddable":true,"href":"https:\/\/brandliebe.com\/fr\/wp-json\/wp\/v2\/media\/4420"}],"wp:attachment":[{"href":"https:\/\/brandliebe.com\/fr\/wp-json\/wp\/v2\/media?parent=4656"}],"wp:term":[{"taxonomy":"category","embeddable":true,"href":"https:\/\/brandliebe.com\/fr\/wp-json\/wp\/v2\/categories?post=4656"},{"taxonomy":"post_tag","embeddable":true,"href":"https:\/\/brandliebe.com\/fr\/wp-json\/wp\/v2\/tags?post=4656"}],"curies":[{"name":"wp","href":"https:\/\/api.w.org\/{rel}","templated":true}]}}