{"id":4692,"date":"2024-11-21T16:41:19","date_gmt":"2024-11-21T16:41:19","guid":{"rendered":"https:\/\/brandliebe.com\/4-phases-de-la-nuit-noire-de-lame\/"},"modified":"2024-12-04T12:36:43","modified_gmt":"2024-12-04T12:36:43","slug":"4-phases-de-la-nuit-noire-de-lame","status":"publish","type":"post","link":"https:\/\/brandliebe.com\/fr\/4-phases-de-la-nuit-noire-de-lame\/","title":{"rendered":"4 phases de la nuit noire de l&rsquo;\u00e2me"},"content":{"rendered":"\n<p>La <strong>nuit noire de l&rsquo;\u00e2me<\/strong> est un terme utilis\u00e9 pour d\u00e9crire une \u00e9tape profonde et souvent douloureuse du <strong>voyage spirituel<\/strong>. Invent\u00e9e par le <strong>mystique et po\u00e8te espagnol du XVIe si\u00e8cle, saint Jean de la Croix<\/strong>, cette exp\u00e9rience signifie une p\u00e9riode de <strong>d\u00e9pression spirituelle<\/strong>, o\u00f9 les individus sont confront\u00e9s \u00e0 l&rsquo;<strong>effondrement du sens qu&rsquo;ils donnaient \u00e0<\/strong> leur vie, ce qui les conduit \u00e0 un <strong>\u00e9veil spirituel transformateur<\/strong>. <\/p>\n\n<p>Ce processus, bien que profond\u00e9ment d\u00e9stabilisant, est une phase essentielle de l&rsquo;<strong>\u00e9volution spirituelle<\/strong>. Il remet en question le <strong>sens du moi<\/strong> et appelle \u00e0 une r\u00e9\u00e9valuation des croyances, ouvrant la voie \u00e0 une connexion plus profonde avec le <strong>vrai moi<\/strong> et \u00e0 un sens renouvel\u00e9 du <strong>sens et de l&rsquo;objectif<\/strong>. <\/p>\n\n<hr class=\"wp-block-separator has-alpha-channel-opacity\"\/>\n\n<h2 class=\"wp-block-heading\"><strong>Qu&rsquo;est-ce que la nuit noire de l&rsquo;\u00e2me ?<\/strong><\/h2>\n\n<p>La <strong>nuit noire<\/strong> fait r\u00e9f\u00e9rence \u00e0 une p\u00e9riode de profonde agitation int\u00e9rieure qui ressemble \u00e0 l&rsquo;<strong>irruption dans votre vie<\/strong> d&rsquo;une profonde remise en question et d&rsquo;une perte. Il ne s&rsquo;agit pas simplement de tristesse ou de chagrin, mais d&rsquo;une <strong>exp\u00e9rience spirituelle<\/strong> qui entra\u00eene un <strong>changement de conscience<\/strong>. <\/p>\n\n<h3 class=\"wp-block-heading\"><strong>Caract\u00e9ristiques principales<\/strong>:<\/h3>\n\n<ul class=\"wp-block-list\">\n<li><strong>Perte de sens<\/strong>: Sentiment profond que tout ce en quoi vous croyiez n&rsquo;a plus de raison d&rsquo;\u00eatre.<\/li>\n\n\n\n<li><strong>D\u00e9pression spirituelle<\/strong>: Sentiments souvent <strong>appel\u00e9s conventionnellement d\u00e9pression<\/strong> mais avec une qualit\u00e9 <strong>existentielle<\/strong> distincte.<\/li>\n\n\n\n<li><strong>Processus de transformation<\/strong>: M\u00eame si l&rsquo;on a l&rsquo;impression que \u00ab\u00a0tout est perdu\u00a0\u00bb, ce processus aboutit finalement \u00e0 un <strong>d\u00e9veloppement<\/strong> personnel et <strong>spirituel<\/strong>.<\/li>\n\n\n\n<li><strong>Variations individuelles<\/strong>: Les <strong>\u00e9tapes de la nuit noire de l&rsquo;\u00e2me<\/strong> peuvent varier d&rsquo;<strong>une personne<\/strong> \u00e0 l <strong>&lsquo;autre<\/strong>, mais elles impliquent souvent des allers-retours <strong>entre des stades de<\/strong> d\u00e9sespoir et de clart\u00e9.<\/li>\n<\/ul>\n\n<hr class=\"wp-block-separator has-alpha-channel-opacity\"\/>\n\n<h2 class=\"wp-block-heading\"><strong>Les 4 \u00e9tapes de la nuit noire de l&rsquo;\u00e2me<\/strong><\/h2>\n\n<p>Les <strong>\u00e9tapes traditionnelles<\/strong> de la nuit noire sont enracin\u00e9es dans les enseignements de <strong>saint Jean de la Croix<\/strong>. Ces phases repr\u00e9sentent des \u00e9tapes distinctes dans le voyage vers l&rsquo;\u00e9veil et la transformation spirituels. <\/p>\n\n<h3 class=\"wp-block-heading\"><strong>1. La nuit noire des sens<\/strong><\/h3>\n\n<p>Cette premi\u00e8re \u00e9tape, \u00e9galement appel\u00e9e <strong>nuit des sens<\/strong>, consiste \u00e0 se d\u00e9tacher des plaisirs mat\u00e9riels et sensoriels.<\/p>\n\n<ul class=\"wp-block-list\">\n<li><strong>Sympt\u00f4mes<\/strong>:\n<ul class=\"wp-block-list\">\n<li>Perte d&rsquo;int\u00e9r\u00eat pour les plaisirs ext\u00e9rieurs.<\/li>\n\n\n\n<li>Un <strong>profond sentiment d&rsquo;insignifiance<\/strong> dans les activit\u00e9s mat\u00e9rielles.<\/li>\n\n\n\n<li><strong>Des sympt\u00f4mes physiques<\/strong> comme la fatigue ou l&rsquo;insomnie.<\/li>\n<\/ul>\n<\/li>\n\n\n\n<li><strong>Objectif<\/strong>: Purifier les attachements et commencer \u00e0 se concentrer sur l&rsquo;int\u00e9rieur.<\/li>\n<\/ul>\n\n<h3 class=\"wp-block-heading\"><strong>2. L&rsquo;effondrement de l&rsquo;identit\u00e9<\/strong><\/h3>\n\n<p>Souvent appel\u00e9e la <strong>nuit de l&rsquo;\u00e2me<\/strong>, cette \u00e9tape implique un <strong>effondrement<\/strong> complet <strong>de la perception du sens de la vie.<\/strong><\/p>\n\n<ul class=\"wp-block-list\">\n<li><strong>Sympt\u00f4mes<\/strong>:\n<ul class=\"wp-block-list\">\n<li>Se sentir <strong>perdu et confus<\/strong>.<\/li>\n\n\n\n<li>S&rsquo;interroger sur le <strong>but de la vie<\/strong> et faire l&rsquo;exp\u00e9rience d&rsquo;une <strong>\u00e9ruption de<\/strong> doutes.<\/li>\n\n\n\n<li>Douleur \u00e9motionnelle intense et <strong>d\u00e9sespoir existentiel<\/strong>.<\/li>\n<\/ul>\n<\/li>\n\n\n\n<li><strong>Objectif<\/strong>: d\u00e9manteler l&rsquo;identit\u00e9 \u00e9go\u00efque et se pr\u00e9parer \u00e0 la transformation.<\/li>\n<\/ul>\n\n<h3 class=\"wp-block-heading\"><strong>3. La nuit de l&rsquo;esprit<\/strong><\/h3>\n\n<p>Dans cette phase, les individus ont l&rsquo;impression que <strong>tout est perdu<\/strong> et ressentent une profonde solitude.<\/p>\n\n<ul class=\"wp-block-list\">\n<li><strong>Sympt\u00f4mes<\/strong>:\n<ul class=\"wp-block-list\">\n<li>Sentiment qu&rsquo;il <strong>n&rsquo;<\/strong> y <strong>a pas de but<\/strong> ou de fin \u00e0 la souffrance.<\/li>\n\n\n\n<li>Lutte pour <strong>se<\/strong> d\u00e9faire <strong>de l&rsquo;attachement<\/strong> aux croyances et aux identit\u00e9s pass\u00e9es.<\/li>\n\n\n\n<li>\u00c9puisement \u00e9motionnel et spirituel.<\/li>\n<\/ul>\n<\/li>\n\n\n\n<li><strong>Objectif<\/strong>: purifier l&rsquo;\u00e2me \u00e0 un niveau plus profond, conduisant \u00e0 l&rsquo;abandon et \u00e0 l&rsquo;acceptation.<\/li>\n<\/ul>\n\n<h3 class=\"wp-block-heading\"><strong>4. Derni\u00e8re \u00e9tape de la nuit noire<\/strong><\/h3>\n\n<p>L&rsquo;<strong>\u00e9tape finale de la nuit noire<\/strong> implique une sorte de renaissance, o\u00f9 la clart\u00e9 et un objectif renouvel\u00e9 \u00e9mergent.<\/p>\n\n<ul class=\"wp-block-list\">\n<li><strong>Sympt\u00f4mes<\/strong>:\n<ul class=\"wp-block-list\">\n<li>Un <strong>sentiment de clart\u00e9<\/strong> et d&rsquo;acceptation des incertitudes de la vie.<\/li>\n\n\n\n<li><strong>De nouvelles id\u00e9es et compr\u00e9hensions<\/strong> sur le soi et la spiritualit\u00e9.<\/li>\n\n\n\n<li>Connexion avec la <strong>conscience universelle<\/strong> et sentiment de paix int\u00e9rieure.<\/li>\n<\/ul>\n<\/li>\n\n\n\n<li><strong>Objectif<\/strong>: int\u00e9grer les le\u00e7ons spirituelles et embrasser le <strong>vrai soi.<\/strong><\/li>\n<\/ul>\n\n<hr class=\"wp-block-separator has-alpha-channel-opacity\"\/>\n\n<h2 class=\"wp-block-heading\"><strong>Pourquoi la nuit noire de l&rsquo;\u00e2me survient-elle ?<\/strong><\/h2>\n\n<p>La <strong>nuit noire<\/strong> peut survenir de mani\u00e8re inattendue, souvent \u00e0 l&rsquo;occasion de changements de vie importants ou de <strong>crises existentielles<\/strong>:<\/p>\n\n<ul class=\"wp-block-list\">\n<li><strong>\u00c9v\u00e9nements d\u00e9clencheurs<\/strong>:\n<ul class=\"wp-block-list\">\n<li>Le <strong>d\u00e9c\u00e8s d&rsquo;un proche<\/strong>.<\/li>\n\n\n\n<li>Perte d&#8217;emploi ou d&rsquo;identit\u00e9.<\/li>\n\n\n\n<li>Une prise de conscience soudaine de l&rsquo;<strong>impermanence<\/strong> de la vie.<\/li>\n<\/ul>\n<\/li>\n\n\n\n<li><strong>Fait partie du processus d&rsquo;\u00e9veil<\/strong>: La <strong>nuit noire<\/strong> est souvent une <strong>\u00e9tape de la nuit noire<\/strong> qui propulse l&rsquo;individu vers la croissance spirituelle et une <strong>conscience plus \u00e9lev\u00e9e<\/strong>.<\/li>\n<\/ul>\n\n<hr class=\"wp-block-separator has-alpha-channel-opacity\"\/>\n\n<h2 class=\"wp-block-heading\"><strong>Combien de temps dure la nuit noire de l&rsquo;\u00e2me ?<\/strong><\/h2>\n\n<p>La dur\u00e9e est tr\u00e8s variable et les individus peuvent <strong>passer d&rsquo;un stade \u00e0 l&rsquo;autre<\/strong>. Certains peuvent trouver une solution en quelques mois, tandis que d&rsquo;autres peuvent conna\u00eetre des ann\u00e9es de <strong>d\u00e9pression spirituelle<\/strong>. <\/p>\n\n<ul class=\"wp-block-list\">\n<li><strong>Facteurs influen\u00e7ant la dur\u00e9e<\/strong>:\n<ul class=\"wp-block-list\">\n<li>Profondeur de l&rsquo;attachement au moi \u00e9go\u00efque.<\/li>\n\n\n\n<li>Volont\u00e9 de s&rsquo;abandonner et de s&rsquo;engager dans la transformation.<\/li>\n\n\n\n<li>Le soutien d&rsquo;<strong>enseignants spirituels<\/strong> ou de pratiques telles que la <strong>pleine conscience.<\/strong><\/li>\n<\/ul>\n<\/li>\n<\/ul>\n\n<hr class=\"wp-block-separator has-alpha-channel-opacity\"\/>\n\n<h2 class=\"wp-block-heading\"><strong>Signes que vous traversez peut-\u00eatre une nuit noire<\/strong><\/h2>\n\n<ul class=\"wp-block-list\">\n<li><strong>Sentiment de perte<\/strong>: Un profond sentiment de confusion et de manque de direction.<\/li>\n\n\n\n<li><strong>Perte d&rsquo;objectif<\/strong>: Remise en question du <strong>sens de votre existence<\/strong>.<\/li>\n\n\n\n<li><strong>Troubles \u00e9motionnels<\/strong>: Tristesse intense, col\u00e8re ou apathie.<\/li>\n\n\n\n<li><strong>Sympt\u00f4mes physiques<\/strong>: Fatigue, insomnie ou douleurs somatiques.<\/li>\n\n\n\n<li><strong>D\u00e9sir de solitude<\/strong>: Retrait des interactions sociales.<\/li>\n<\/ul>\n\n<hr class=\"wp-block-separator has-alpha-channel-opacity\"\/>\n\n<h2 class=\"wp-block-heading\"><strong>Naviguer dans la nuit noire de l&rsquo;\u00e2me<\/strong><\/h2>\n\n<p>Lorsque vous traversez <strong>une nuit noire<\/strong>, l&rsquo;adoption de pratiques sp\u00e9cifiques peut vous aider :<\/p>\n\n<h3 class=\"wp-block-heading\"><strong>1. La pleine conscience et la m\u00e9ditation<\/strong><\/h3>\n\n<ul class=\"wp-block-list\">\n<li>Pratiquez la <strong>pleine conscience<\/strong> pour rester pr\u00e9sent \u00e0 vos \u00e9motions.<\/li>\n\n\n\n<li>Engagez-vous dans une m\u00e9ditation profonde pour cultiver la paix et la clart\u00e9 int\u00e9rieures.<\/li>\n<\/ul>\n\n<h3 class=\"wp-block-heading\"><strong>2. Rechercher des conseils<\/strong><\/h3>\n\n<ul class=\"wp-block-list\">\n<li>Apprenez des enseignements de <strong>ma\u00eetres spirituels<\/strong> et de mystiques tels que <strong>Saint Jean de la Croix.<\/strong><\/li>\n\n\n\n<li>Explorez les textes sacr\u00e9s pour <strong>approfondir votre compr\u00e9hension<\/strong> de la spiritualit\u00e9.<\/li>\n<\/ul>\n\n<h3 class=\"wp-block-heading\"><strong>3. Adopter des pratiques spirituelles<\/strong><\/h3>\n\n<ul class=\"wp-block-list\">\n<li>Faites r\u00e9guli\u00e8rement des pri\u00e8res, tenez un journal ou chantez des mantras.<\/li>\n\n\n\n<li>Concentrez-vous sur les <strong>pratiques spirituelles<\/strong> qui r\u00e9sonnent avec vos croyances.<\/li>\n<\/ul>\n\n<h3 class=\"wp-block-heading\"><strong>4. Accepter le processus<\/strong><\/h3>\n\n<ul class=\"wp-block-list\">\n<li>Comprenez que la <strong>nuit noire<\/strong> fait naturellement partie de la croissance spirituelle.<\/li>\n\n\n\n<li>Croyez qu&rsquo;il y a un <strong>bout du tunnel<\/strong>, m\u00eame s&rsquo;il vous semble lointain.<\/li>\n<\/ul>\n\n<hr class=\"wp-block-separator has-alpha-channel-opacity\"\/>\n\n<h2 class=\"wp-block-heading\"><strong>Le pouvoir de transformation de la nuit noire<\/strong><\/h2>\n\n<p>La <strong>nuit noire de l&rsquo;\u00e2me<\/strong> est une exp\u00e9rience <strong>spirituelle transformatrice<\/strong>, qui ouvre la voie \u00e0 un profond d\u00e9veloppement personnel et \u00e0 une <strong>meilleure compr\u00e9hension de<\/strong> soi. Bien que douloureuse, elle constitue un voyage vers le <strong>vrai soi<\/strong> et la d\u00e9couverte d&rsquo;une vie riche en <strong>sens et en objectifs<\/strong>. <\/p>\n\n<p>En embrassant ce <strong>voyage spirituel<\/strong> avec patience et un c\u0153ur ouvert, vous pouvez \u00e9merger de la <strong>nuit noire<\/strong> avec une force renouvel\u00e9e, de la clart\u00e9 et un lien profond avec l&rsquo;essence divine de l&rsquo;existence.<\/p>\n","protected":false},"excerpt":{"rendered":"<p>La nuit noire de l&rsquo;\u00e2me est un terme utilis\u00e9 pour d\u00e9crire une \u00e9tape profonde et souvent douloureuse du voyage spirituel. Invent\u00e9e par le mystique et po\u00e8te espagnol du XVIe si\u00e8cle, saint Jean de la Croix, cette exp\u00e9rience signifie une p\u00e9riode de d\u00e9pression spirituelle, o\u00f9 les individus sont confront\u00e9s \u00e0 l&rsquo;effondrement du sens qu&rsquo;ils donnaient \u00e0 [&hellip;]<\/p>\n","protected":false},"author":1,"featured_media":4503,"comment_status":"open","ping_status":"open","sticky":false,"template":"","format":"standard","meta":{"footnotes":""},"categories":[104,74],"tags":[],"class_list":["post-4692","post","type-post","status-publish","format-standard","has-post-thumbnail","hentry","category-leveil-spirituel","category-spiritualite"],"_links":{"self":[{"href":"https:\/\/brandliebe.com\/fr\/wp-json\/wp\/v2\/posts\/4692","targetHints":{"allow":["GET"]}}],"collection":[{"href":"https:\/\/brandliebe.com\/fr\/wp-json\/wp\/v2\/posts"}],"about":[{"href":"https:\/\/brandliebe.com\/fr\/wp-json\/wp\/v2\/types\/post"}],"author":[{"embeddable":true,"href":"https:\/\/brandliebe.com\/fr\/wp-json\/wp\/v2\/users\/1"}],"replies":[{"embeddable":true,"href":"https:\/\/brandliebe.com\/fr\/wp-json\/wp\/v2\/comments?post=4692"}],"version-history":[{"count":1,"href":"https:\/\/brandliebe.com\/fr\/wp-json\/wp\/v2\/posts\/4692\/revisions"}],"predecessor-version":[{"id":4694,"href":"https:\/\/brandliebe.com\/fr\/wp-json\/wp\/v2\/posts\/4692\/revisions\/4694"}],"wp:featuredmedia":[{"embeddable":true,"href":"https:\/\/brandliebe.com\/fr\/wp-json\/wp\/v2\/media\/4503"}],"wp:attachment":[{"href":"https:\/\/brandliebe.com\/fr\/wp-json\/wp\/v2\/media?parent=4692"}],"wp:term":[{"taxonomy":"category","embeddable":true,"href":"https:\/\/brandliebe.com\/fr\/wp-json\/wp\/v2\/categories?post=4692"},{"taxonomy":"post_tag","embeddable":true,"href":"https:\/\/brandliebe.com\/fr\/wp-json\/wp\/v2\/tags?post=4692"}],"curies":[{"name":"wp","href":"https:\/\/api.w.org\/{rel}","templated":true}]}}