{"id":4843,"date":"2024-11-19T17:23:33","date_gmt":"2024-11-19T17:23:33","guid":{"rendered":"https:\/\/brandliebe.com\/objectifs-de-developpement-personnel-la-cle-de-la-croissance-et-de-la-reussite\/"},"modified":"2024-12-04T12:42:58","modified_gmt":"2024-12-04T12:42:58","slug":"objectifs-de-developpement-personnel-la-cle-de-la-croissance-et-de-la-reussite","status":"publish","type":"post","link":"https:\/\/brandliebe.com\/fr\/objectifs-de-developpement-personnel-la-cle-de-la-croissance-et-de-la-reussite\/","title":{"rendered":"Objectifs de d\u00e9veloppement personnel : La cl\u00e9 de la croissance et de la r\u00e9ussite"},"content":{"rendered":"\n<p>La d\u00e9finition et la r\u00e9alisation d&rsquo;<strong>objectifs de d\u00e9veloppement personnel<\/strong> sont essentielles pour am\u00e9liorer divers aspects de votre vie, tant sur le plan personnel que professionnel. Ces objectifs servent de feuille de route pour le <strong>d\u00e9veloppement personnel et professionnel<\/strong>, vous aidant \u00e0 progresser dans votre carri\u00e8re, \u00e0 am\u00e9liorer vos comp\u00e9tences et \u00e0 maintenir un bon \u00e9quilibre entre vie professionnelle et vie priv\u00e9e. <\/p>\n\n<p>Comprendre comment fixer des objectifs de d\u00e9veloppement efficaces peut vous aider \u00e0 mieux r\u00e9ussir dans votre <strong>vie professionnelle<\/strong> et \u00e0 accro\u00eetre votre satisfaction personnelle. Ce guide pr\u00e9sente des exemples d&rsquo;objectifs de d\u00e9veloppement, des strat\u00e9gies pour cr\u00e9er un <strong>plan de d\u00e9veloppement personnel<\/strong> et la mani\u00e8re dont ils s&rsquo;inscrivent dans votre d\u00e9veloppement personnel et professionnel. <\/p>\n\n<hr class=\"wp-block-separator has-alpha-channel-opacity\"\/>\n\n<h2 class=\"wp-block-heading\">Qu&rsquo;est-ce qu&rsquo;un objectif de d\u00e9veloppement personnel ?<\/h2>\n\n<p>Les <strong>objectifs de d\u00e9veloppement<\/strong> sont des objectifs visant \u00e0 am\u00e9liorer des comp\u00e9tences, des comportements ou des habitudes sp\u00e9cifiques dans votre vie et votre travail. Ils servent de cadre pour am\u00e9liorer des domaines tels que : <\/p>\n\n<ul class=\"wp-block-list\">\n<li><strong>L&rsquo;intelligence \u00e9motionnelle<\/strong>.<\/li>\n\n\n\n<li><strong>D\u00e9veloppement du leadership<\/strong>.<\/li>\n\n\n\n<li><strong>Gestion du temps<\/strong>.<\/li>\n\n\n\n<li><strong>Comp\u00e9tences en mati\u00e8re de prise de parole en public<\/strong>.<\/li>\n<\/ul>\n\n<p>Ces objectifs sont essentiels pour am\u00e9liorer la productivit\u00e9, la satisfaction au travail et la satisfaction g\u00e9n\u00e9rale de la vie.<\/p>\n\n<hr class=\"wp-block-separator has-alpha-channel-opacity\"\/>\n\n<h2 class=\"wp-block-heading\">Importance de se fixer des objectifs de d\u00e9veloppement personnel<\/h2>\n\n<ol class=\"wp-block-list\">\n<li><strong>Am\u00e9liore le d\u00e9veloppement personnel et professionnel<\/strong>: Permet d&rsquo;am\u00e9liorer les <strong>comp\u00e9tences en communication<\/strong>, les <strong>possibilit\u00e9s de leadership<\/strong> et bien d&rsquo;autres choses encore.<\/li>\n\n\n\n<li><strong>Stimule la confiance en soi<\/strong>: Vous encourage \u00e0 franchir des \u00e9tapes qui renforcent votre confiance en vous.<\/li>\n\n\n\n<li><strong>Favorise un \u00e9tat d&rsquo;esprit de croissance<\/strong>: Il permet de croire que les capacit\u00e9s et l&rsquo;intelligence peuvent s&rsquo;am\u00e9liorer avec le temps.<\/li>\n\n\n\n<li><strong>Augmente la productivit\u00e9<\/strong>: Une <strong>gestion<\/strong> efficace <strong>du temps<\/strong> et de la concentration permet de cr\u00e9er un environnement de travail plus productif.<\/li>\n\n\n\n<li><strong>Am\u00e9liore l&rsquo;\u00e9quilibre entre vie professionnelle et vie priv\u00e9e<\/strong>: Assure l&rsquo;harmonie entre les relations personnelles et les engagements professionnels.<\/li>\n<\/ol>\n\n<hr class=\"wp-block-separator has-alpha-channel-opacity\"\/>\n\n<h2 class=\"wp-block-heading\">Fixer des objectifs SMART pour le d\u00e9veloppement personnel<\/h2>\n\n<p>L&rsquo;utilisation du <strong>cadre SMART<\/strong> permet de s&rsquo;assurer que vos objectifs sont.. :<\/p>\n\n<ul class=\"wp-block-list\">\n<li><strong>Sp\u00e9cifique<\/strong>: D\u00e9finissez clairement ce que vous voulez atteindre.<\/li>\n\n\n\n<li><strong>Mesurable<\/strong>: Suivez les progr\u00e8s r\u00e9alis\u00e9s \u00e0 l&rsquo;aide d&rsquo;indicateurs quantifiables.<\/li>\n\n\n\n<li><strong>R\u00e9alisables<\/strong>: Fixez des objectifs r\u00e9alistes et \u00e0 votre port\u00e9e.<\/li>\n\n\n\n<li><strong>Pertinent<\/strong>: Alignez vos objectifs sur vos aspirations \u00e0 long terme.<\/li>\n\n\n\n<li><strong>Fix\u00e9 dans le temps<\/strong>: Fixez des \u00e9ch\u00e9ances pour la r\u00e9alisation de vos objectifs.<\/li>\n<\/ul>\n\n<hr class=\"wp-block-separator has-alpha-channel-opacity\"\/>\n\n<h2 class=\"wp-block-heading\">10 exemples d&rsquo;objectifs de d\u00e9veloppement personnel<\/h2>\n\n<h3 class=\"wp-block-heading\">1. Am\u00e9liorer l&rsquo;intelligence \u00e9motionnelle<\/h3>\n\n<ul class=\"wp-block-list\">\n<li>D\u00e9velopper une meilleure conscience de soi, de l&#8217;empathie et des comp\u00e9tences interpersonnelles.<\/li>\n\n\n\n<li>Utilisez le retour d&rsquo;information pour d\u00e9velopper votre intelligence \u00e9motionnelle.<\/li>\n<\/ul>\n\n<h3 class=\"wp-block-heading\">2. Am\u00e9liorer les comp\u00e9tences en mati\u00e8re de prise de parole en public<\/h3>\n\n<ul class=\"wp-block-list\">\n<li>S&rsquo;entra\u00eener \u00e0 faire des pr\u00e9sentations devant un groupe.<\/li>\n\n\n\n<li>Rejoignez des organisations telles que Toastmasters pour am\u00e9liorer vos comp\u00e9tences en mati\u00e8re d&rsquo;expression orale.<\/li>\n<\/ul>\n\n<h3 class=\"wp-block-heading\">3. Renforcer les comp\u00e9tences en mati\u00e8re de leadership<\/h3>\n\n<ul class=\"wp-block-list\">\n<li>Saisissez les opportunit\u00e9s de leadership au travail.<\/li>\n\n\n\n<li>Apprenez les techniques de d\u00e9l\u00e9gation et de constitution d&rsquo;\u00e9quipes.<\/li>\n<\/ul>\n\n<h3 class=\"wp-block-heading\">4. Ma\u00eetriser la gestion du temps<\/h3>\n\n<ul class=\"wp-block-list\">\n<li>Utilisez des outils tels que des calendriers et des gestionnaires de t\u00e2ches pour planifier votre journ\u00e9e.<\/li>\n\n\n\n<li>Hi\u00e9rarchisez les t\u00e2ches pour vous concentrer sur ce qui compte le plus.<\/li>\n<\/ul>\n\n<h3 class=\"wp-block-heading\">5. Mieux concilier vie professionnelle et vie priv\u00e9e<\/h3>\n\n<ul class=\"wp-block-list\">\n<li>Fixez des limites entre le travail et le temps personnel.<\/li>\n\n\n\n<li>Consacrez du temps \u00e0 vos loisirs et \u00e0 votre famille.<\/li>\n<\/ul>\n\n<h3 class=\"wp-block-heading\">6. Stimuler la productivit\u00e9<\/h3>\n\n<ul class=\"wp-block-list\">\n<li>Adoptez des techniques comme la technique Pomodoro pour travailler de mani\u00e8re cibl\u00e9e.<\/li>\n\n\n\n<li>\u00c9liminez les distractions pour maximiser le rendement.<\/li>\n<\/ul>\n\n<h3 class=\"wp-block-heading\">7. Cultiver un \u00e9tat d&rsquo;esprit de croissance<\/h3>\n\n<ul class=\"wp-block-list\">\n<li>Consid\u00e9rez les d\u00e9fis comme des opportunit\u00e9s d&rsquo;apprentissage.<\/li>\n\n\n\n<li>R\u00e9fl\u00e9chissez aux \u00e9checs pour rebondir plus fort.<\/li>\n<\/ul>\n\n<h3 class=\"wp-block-heading\">8. Am\u00e9liorer les comp\u00e9tences en mati\u00e8re de communication<\/h3>\n\n<ul class=\"wp-block-list\">\n<li>Pratiquez l&rsquo;\u00e9coute active dans les conversations.<\/li>\n\n\n\n<li>Suivez des cours ou participez \u00e0 des ateliers pour am\u00e9liorer votre communication \u00e9crite et orale.<\/li>\n<\/ul>\n\n<h3 class=\"wp-block-heading\">9. D\u00e9velopper des objectifs de carri\u00e8re<\/h3>\n\n<ul class=\"wp-block-list\">\n<li>Fixez des objectifs qui correspondent \u00e0 la trajectoire professionnelle que vous souhaitez suivre.<\/li>\n\n\n\n<li>Identifier les possibilit\u00e9s de d\u00e9veloppement des comp\u00e9tences pour assurer la croissance professionnelle.<\/li>\n<\/ul>\n\n<h3 class=\"wp-block-heading\">10. L&rsquo;accent sur la sant\u00e9 mentale et physique<\/h3>\n\n<ul class=\"wp-block-list\">\n<li>Int\u00e9grez l&rsquo;exercice physique et les pratiques de pleine conscience dans votre routine.<\/li>\n\n\n\n<li>Cherchez \u00e0 obtenir de l&rsquo;aide pour g\u00e9rer le stress et pr\u00e9server votre bien-\u00eatre mental.<\/li>\n<\/ul>\n\n<hr class=\"wp-block-separator has-alpha-channel-opacity\"\/>\n\n<h2 class=\"wp-block-heading\">Comment fixer des objectifs de d\u00e9veloppement personnel<\/h2>\n\n<h3 class=\"wp-block-heading\">\u00c9tape 1 : R\u00e9fl\u00e9chissez \u00e0 votre vie actuelle<\/h3>\n\n<ul class=\"wp-block-list\">\n<li>Identifiez vos forces et vos faiblesses dans les diff\u00e9rents aspects de votre vie.<\/li>\n\n\n\n<li>Consid\u00e9rez les domaines qui n\u00e9cessitent une am\u00e9lioration, tels que le travail, les relations ou la sant\u00e9.<\/li>\n<\/ul>\n\n<h3 class=\"wp-block-heading\">\u00c9tape 2 : Cr\u00e9er un plan de d\u00e9veloppement personnel<\/h3>\n\n<ul class=\"wp-block-list\">\n<li>D\u00e9finissez des objectifs personnels clairs pour chaque domaine que vous souhaitez am\u00e9liorer.<\/li>\n\n\n\n<li>D\u00e9composez les objectifs les plus importants en t\u00e2ches plus petites et plus faciles \u00e0 g\u00e9rer.<\/li>\n<\/ul>\n\n<h3 class=\"wp-block-heading\">\u00c9tape 3 : \u00c9tablissez des priorit\u00e9s dans vos objectifs<\/h3>\n\n<ul class=\"wp-block-list\">\n<li>Concentrez-vous sur des objectifs qui correspondent \u00e0 vos <strong>valeurs et \u00e0 vos aspirations<\/strong>.<\/li>\n\n\n\n<li>Commencez par un ou deux objectifs pour \u00e9viter de vous sentir d\u00e9pass\u00e9.<\/li>\n<\/ul>\n\n<h3 class=\"wp-block-heading\">\u00c9tape 4 : Mesurer les progr\u00e8s<\/h3>\n\n<ul class=\"wp-block-list\">\n<li>Utilisez des outils tels que des journaux ou des applications pour suivre vos r\u00e9alisations.<\/li>\n\n\n\n<li>\u00c9valuez r\u00e9guli\u00e8rement vos progr\u00e8s et adaptez votre plan si n\u00e9cessaire.<\/li>\n<\/ul>\n\n<h3 class=\"wp-block-heading\">\u00c9tape 5 : Restez engag\u00e9<\/h3>\n\n<ul class=\"wp-block-list\">\n<li>Maintenir un <strong>\u00e9tat d&rsquo;esprit de croissance<\/strong> pour surmonter les difficult\u00e9s.<\/li>\n\n\n\n<li>C\u00e9l\u00e9brez les \u00e9tapes importantes pour rester motiv\u00e9.<\/li>\n<\/ul>\n\n<hr class=\"wp-block-separator has-alpha-channel-opacity\"\/>\n\n<h2 class=\"wp-block-heading\">Exemples d&rsquo;objectifs de d\u00e9veloppement pour le travail<\/h2>\n\n<h3 class=\"wp-block-heading\">Pour le d\u00e9veloppement du leadership<\/h3>\n\n<ul class=\"wp-block-list\">\n<li>Suivez des cours pour am\u00e9liorer vos comp\u00e9tences en mati\u00e8re de gestion d&rsquo;\u00e9quipe et de prise de d\u00e9cision.<\/li>\n\n\n\n<li>Portez-vous volontaire pour des projets qui n\u00e9cessitent des responsabilit\u00e9s de leadership.<\/li>\n<\/ul>\n\n<h3 class=\"wp-block-heading\">Pour la productivit\u00e9<\/h3>\n\n<ul class=\"wp-block-list\">\n<li>Concentrez-vous sur les techniques de blocage du temps pour g\u00e9rer votre emploi du temps.<\/li>\n\n\n\n<li>Fixez des t\u00e2ches quotidiennes r\u00e9alisables afin de garantir des progr\u00e8s constants.<\/li>\n<\/ul>\n\n<h3 class=\"wp-block-heading\">Pour la communication<\/h3>\n\n<ul class=\"wp-block-list\">\n<li>Participez \u00e0 des ateliers pour affiner vos comp\u00e9tences en mati\u00e8re de prise de parole en public.<\/li>\n\n\n\n<li>Entra\u00eenez-vous \u00e0 r\u00e9diger des courriels concis et percutants.<\/li>\n<\/ul>\n\n<h3 class=\"wp-block-heading\">Pour l&rsquo;\u00e9quilibre entre vie professionnelle et vie priv\u00e9e<\/h3>\n\n<ul class=\"wp-block-list\">\n<li>Fixez des limites claires pour \u00e9viter que le travail ne d\u00e9borde sur le temps personnel.<\/li>\n\n\n\n<li>Pr\u00e9voyez des pauses r\u00e9guli\u00e8res pour vous ressourcer pendant les heures de travail.<\/li>\n<\/ul>\n\n<hr class=\"wp-block-separator has-alpha-channel-opacity\"\/>\n\n<h2 class=\"wp-block-heading\">Croissance personnelle et professionnelle<\/h2>\n\n<p>Le d\u00e9veloppement personnel est un voyage permanent. Se fixer des <strong>objectifs de d\u00e9veloppement<\/strong> favorise les progr\u00e8s dans les <strong>relations personnelles<\/strong>, l&rsquo;<strong>\u00e9volution de carri\u00e8re<\/strong> et la <strong>sant\u00e9 mentale et physique.<\/strong> <\/p>\n\n<p>En vous fixant des <strong>objectifs r\u00e9alisables<\/strong>, vous pouvez transformer certains aspects de votre vie, obtenir une satisfaction personnelle et am\u00e9liorer votre d\u00e9veloppement professionnel. <strong>Les objectifs de d\u00e9veloppement vous aident \u00e0<\/strong> construire une vie remplie de buts et d&rsquo;accomplissements.<\/p>\n\n<hr class=\"wp-block-separator has-alpha-channel-opacity\"\/>\n\n<h2 class=\"wp-block-heading\">R\u00e9flexions finales<\/h2>\n\n<p>Les objectifs de d\u00e9veloppement personnel et professionnel vous permettent de prendre votre vie en main. Qu&rsquo;il s&rsquo;agisse de <strong>comp\u00e9tences en leadership<\/strong>, de <strong>productivit\u00e9<\/strong> ou d&rsquo;<strong>\u00e9quilibre entre vie professionnelle et vie priv\u00e9e<\/strong>, la d\u00e9finition d&rsquo;objectifs clairs et mesurables vous aide \u00e0 vous rapprocher de la r\u00e9alisation de vos r\u00eaves. <\/p>\n\n<p>Commencez d\u00e8s aujourd&rsquo;hui \u00e0 fixer vos <strong>objectifs de d\u00e9veloppement personnel<\/strong> et observez comment ils vous m\u00e8neront \u00e0 la r\u00e9ussite dans divers aspects de votre vie. Les petits pas que vous faites aujourd&rsquo;hui cr\u00e9eront des changements significatifs pour un avenir plus radieux. <\/p>\n","protected":false},"excerpt":{"rendered":"<p>La d\u00e9finition et la r\u00e9alisation d&rsquo;objectifs de d\u00e9veloppement personnel sont essentielles pour am\u00e9liorer divers aspects de votre vie, tant sur le plan personnel que professionnel. Ces objectifs servent de feuille de route pour le d\u00e9veloppement personnel et professionnel, vous aidant \u00e0 progresser dans votre carri\u00e8re, \u00e0 am\u00e9liorer vos comp\u00e9tences et \u00e0 maintenir un bon \u00e9quilibre [&hellip;]<\/p>\n","protected":false},"author":1,"featured_media":4385,"comment_status":"open","ping_status":"open","sticky":false,"template":"elementor_header_footer","format":"standard","meta":{"footnotes":""},"categories":[107,74],"tags":[],"class_list":["post-4843","post","type-post","status-publish","format-standard","has-post-thumbnail","hentry","category-croissance-personnelle","category-spiritualite"],"_links":{"self":[{"href":"https:\/\/brandliebe.com\/fr\/wp-json\/wp\/v2\/posts\/4843","targetHints":{"allow":["GET"]}}],"collection":[{"href":"https:\/\/brandliebe.com\/fr\/wp-json\/wp\/v2\/posts"}],"about":[{"href":"https:\/\/brandliebe.com\/fr\/wp-json\/wp\/v2\/types\/post"}],"author":[{"embeddable":true,"href":"https:\/\/brandliebe.com\/fr\/wp-json\/wp\/v2\/users\/1"}],"replies":[{"embeddable":true,"href":"https:\/\/brandliebe.com\/fr\/wp-json\/wp\/v2\/comments?post=4843"}],"version-history":[{"count":1,"href":"https:\/\/brandliebe.com\/fr\/wp-json\/wp\/v2\/posts\/4843\/revisions"}],"predecessor-version":[{"id":4844,"href":"https:\/\/brandliebe.com\/fr\/wp-json\/wp\/v2\/posts\/4843\/revisions\/4844"}],"wp:featuredmedia":[{"embeddable":true,"href":"https:\/\/brandliebe.com\/fr\/wp-json\/wp\/v2\/media\/4385"}],"wp:attachment":[{"href":"https:\/\/brandliebe.com\/fr\/wp-json\/wp\/v2\/media?parent=4843"}],"wp:term":[{"taxonomy":"category","embeddable":true,"href":"https:\/\/brandliebe.com\/fr\/wp-json\/wp\/v2\/categories?post=4843"},{"taxonomy":"post_tag","embeddable":true,"href":"https:\/\/brandliebe.com\/fr\/wp-json\/wp\/v2\/tags?post=4843"}],"curies":[{"name":"wp","href":"https:\/\/api.w.org\/{rel}","templated":true}]}}