{"id":3816,"date":"2024-07-02T23:57:00","date_gmt":"2024-07-02T23:57:00","guid":{"rendered":"https:\/\/brandliebe.com\/czym-jest-ciemna-noc-duszy\/"},"modified":"2024-10-09T15:17:38","modified_gmt":"2024-10-09T15:17:38","slug":"czym-jest-ciemna-noc-duszy","status":"publish","type":"post","link":"https:\/\/brandliebe.com\/pl\/czym-jest-ciemna-noc-duszy\/","title":{"rendered":"Czym jest ciemna noc duszy?"},"content":{"rendered":"\n<p><b>Ciemna noc duszy<\/b> jest g\u0142\u0119bokim zjawiskiem duchowym, kt\u00f3re by\u0142o kontemplowane i do\u015bwiadczane przez jednostki na przestrzeni dziej\u00f3w. Zag\u0142\u0119bia si\u0119 w g\u0142\u0119bi\u0119 ludzkiego do\u015bwiadczenia, prowadz\u0105c jednostki w transformacyjn\u0105 podr\u00f3\u017c ku <b>przebudzeniu<\/b>. Pochodz\u0105ca z g\u0142\u0119bokiej eksploracji <b>duchowo\u015bci<\/b> koncepcja ciemnej nocy duszy ma ogromne znaczenie dla zrozumienia natury osobistego rozwoju i ewolucji.  <\/p>\n\n<hr class=\"wp-block-separator has-alpha-channel-opacity\"\/>\n\n<h2 class=\"wp-block-heading\">Czym jest ciemna noc duszy?<\/h2>\n\n<h3 class=\"wp-block-heading\">Definicja i pochodzenie poj\u0119cia<\/h3>\n\n<p><b>Ciemna noc duszy<\/b> to termin przypisywany <b>mistykowi<\/b> i poecie \u015bw. Janowi od Krzy\u017ca, kt\u00f3ry opisa\u0142 j\u0105 jako stan duchowego kryzysu i <b>egzystencjalnego<\/b> zam\u0119tu. Charakteryzuje si\u0119 ona g\u0142\u0119bokim poczuciem <b>bezsensu<\/b> i zagubienia w ciemno\u015bciach w\u0142asnej <b>duszy<\/b>. Ta duchowa podr\u00f3\u017c stanowi wa\u017cny etap w ewolucji \u015bwiadomo\u015bci.  <\/p>\n\n<h3 class=\"wp-block-heading\">Charakterystyka ciemnej nocy duszy<\/h3>\n\n<p>Osoby <b>do\u015bwiadczaj\u0105ce<\/b> <b>ciemnej nocy duszy<\/b> cz\u0119sto zg\u0142aszaj\u0105 uczucie pustki, oderwania od \u015bwiata i g\u0142\u0119bokiego kwestionowania <b>sensu \u017cycia<\/b>. Jest to okres intensywnej introspekcji i <b>kryzysu duchowego<\/b>, w kt\u00f3rym jednostki staj\u0105 w obliczu fundamentalnych pyta\u0144 dotycz\u0105cych istnienia i celu. <b>Noc<\/b> duszy jest procesem transformacyjnym, prowadz\u0105cym jednostki w kierunku g\u0142\u0119bszego zrozumienia siebie i swojego miejsca we wszech\u015bwiecie.  <\/p>\n\n<h3 class=\"wp-block-heading\">Historyczne perspektywy ciemnych nocy<\/h3>\n\n<p>Na przestrzeni dziej\u00f3w r\u00f3\u017cni <b>mistycy<\/b> i my\u015bliciele duchowi zg\u0142\u0119biali koncepcj\u0119 <b>ciemnej nocy<\/b> duszy w swoich pismach i naukach. Postacie takie jak Eckhart Tolle i <b>\u015bwi\u0119ty Jan od Krzy\u017ca<\/b> dostarczy\u0142y cennych spostrze\u017ce\u0144 na temat natury <b>duchowego przebudzenia<\/b> i roli ciemno\u015bci w ewolucji <b>duszy<\/b>. <b>Ciemna<\/b> noc nie jest jedynie osobist\u0105 pr\u00f3b\u0105, ale uniwersalnym do\u015bwiadczeniem, kt\u00f3re wykracza poza indywidualn\u0105 <b>duchowo\u015b\u0107<\/b>.  <\/p>\n\n<hr class=\"wp-block-separator has-alpha-channel-opacity\"\/>\n\n<h2 class=\"wp-block-heading\">Jak ciemna noc duszy prowadzi do przebudzenia?<\/h2>\n\n<h3 class=\"wp-block-heading\">Odkrywanie procesu przebudzenia<\/h3>\n\n<p><b>Ciemna noc duszy<\/b> s\u0142u\u017cy jako katalizator <b>duchowej<\/b> transformacji i rozwoju. Konfrontuj\u0105c si\u0119 z g\u0142\u0119bi\u0105 w\u0142asnego jestestwa i stawiaj\u0105c czo\u0142a wewn\u0119trznym cieniom, jednostki otwieraj\u0105 si\u0119 na nowe spostrze\u017cenia i <b>duchowe<\/b> mo\u017cliwo\u015bci. Podr\u00f3\u017c <b>duszy<\/b> przez <b>ciemn\u0105<\/b> noc jest procesem zrzucania starych warstw to\u017csamo\u015bci i odnajdywania <b>nowego znaczenia<\/b> w \u017cyciu.  <\/p>\n\n<h3 class=\"wp-block-heading\">Wk\u0142ad Jana od Krzy\u017ca w zrozumienie nocy ciemnych<\/h3>\n\n<p>\u015awi\u0119ty <b>Jan od Krzy\u017ca<\/b> jest znany ze swojej g\u0142\u0119bokiej eksploracji <b>ciemnej nocy duszy<\/b> w swoich mistycznych pismach. Podkre\u015bla\u0142 znaczenie przyj\u0119cia ciemno\u015bci jako drogi do <b>duchowego<\/b> o\u015bwiecenia i <b>przebudzenia<\/b>. Jego spostrze\u017cenia nadal inspiruj\u0105 duchowych poszukiwaczy w ich d\u0105\u017ceniu do <b>sensu<\/b> i <b>celu<\/b>.  <\/p>\n\n<h3 class=\"wp-block-heading\">Rola duchowego przebudzenia w ciemnej nocy<\/h3>\n\n<p>U podstaw <b>ciemnej nocy duszy<\/b> le\u017cy potencja\u0142 g\u0142\u0119bokiego <b>duchowego<\/b> <b>wzrostu<\/b> i <b>przebudzenia<\/b>. To w\u0142a\u015bnie poprzez ciemno\u015b\u0107 \u015bwiat\u0142o <b>\u015bwiadomo\u015bci<\/b> mo\u017ce \u015bwieci\u0107 najja\u015bniej, o\u015bwietlaj\u0105c <b>dusz\u0119<\/b> i ujawniaj\u0105c jej prawdziw\u0105 istot\u0119. <b>Noc<\/b> duszy nie ko\u0144czy si\u0119 rozpacz\u0105, lecz <b>odrodzeniem<\/b> i <b>transformacj\u0105<\/b>.  <\/p>\n\n<hr class=\"wp-block-separator has-alpha-channel-opacity\"\/>\n\n<h2 class=\"wp-block-heading\">Czy ciemn\u0105 noc duszy mo\u017cna postrzega\u0107 jako kryzys egzystencjalny?<\/h2>\n\n<h3 class=\"wp-block-heading\">Zwi\u0105zek mi\u0119dzy ciemnymi nocami a egzystencjalizmem<\/h3>\n\n<p><b>Ciemna noc<\/b> duszy wykazuje podobie\u0144stwa do koncepcji <b>kryzysu egzystencjalnego<\/b> w sferze my\u015bli filozoficznej. Oba do\u015bwiadczenia wi\u0105\u017c\u0105 si\u0119 z g\u0142\u0119bokim kwestionowaniem <b>istnienia<\/b> i poszukiwaniem <b>sensu<\/b> w pozornie <b>bezsensownym<\/b> \u015bwiecie. Tematy egzystencjalne wyst\u0119puj\u0105ce w do\u015bwiadczeniach <b>mistycznych<\/b> rezonuj\u0105 z <b>egzystencjalnymi<\/b> obawami wsp\u00f3\u0142czesnej filozofii.  <\/p>\n\n<h3 class=\"wp-block-heading\">Por\u00f3wnanie kryzysu egzystencjalnego z ciemn\u0105 noc\u0105 duszy<\/h3>\n\n<p>Podczas gdy <b>kryzys egzystencjalny<\/b> mo\u017ce wynika\u0107 z okoliczno\u015bci zewn\u0119trznych lub <b>\u015bmierci bliskiej<\/b> osoby, <b>ciemna noc duszy<\/b> jest <b>wewn\u0119trzn\u0105<\/b> podr\u00f3\u017c\u0105 <b>duszy<\/b> w g\u0142\u0105b <b>\u015bwiadomo\u015bci<\/b>. Oba do\u015bwiadczenia maj\u0105 jednak wsp\u00f3lny w\u0105tek poszukiwania <b>nowego sensu<\/b> i celu po\u015br\u00f3d wyzwa\u0144 <b>\u017cycia<\/b>. <b>Noc<\/b> duszy jest g\u0142\u0119boko osobistym d\u0105\u017ceniem do <b>duchowej<\/b> <b>transformacji<\/b>.  <\/p>\n\n<h3 class=\"wp-block-heading\">Tematy egzystencjalne w do\u015bwiadczeniach mistycznych<\/h3>\n\n<p><b>Mistyczne<\/b> spotkania cz\u0119sto ujawniaj\u0105 g\u0142\u0119bokie <b>egzystencjalne<\/b> prawdy o naturze <b>rzeczywisto\u015bci<\/b> i <b>\u015bwiadomo\u015bci<\/b>. <b>Ciemna noc duszy<\/b> mo\u017ce by\u0107 postrzegana jako punkt spotkania mi\u0119dzy <b>duchowo\u015bci\u0105<\/b> a <b>filozofi\u0105<\/b>, gdzie jednostka zmaga si\u0119 z podstawowymi pytaniami dotycz\u0105cymi <b>istnienia<\/b> i <b>boskiego<\/b> <b>celu<\/b>. To w\u0142a\u015bnie w ciemno\u015bci pojawia si\u0119 <b>\u015bwiat\u0142o<\/b> wgl\u0105du.  <\/p>\n\n<hr class=\"wp-block-separator has-alpha-channel-opacity\"\/>\n\n<h2 class=\"wp-block-heading\">Oznaki i objawy ciemnej nocy duszy<\/h2>\n\n<h3 class=\"wp-block-heading\">Rozpoznawanie ciemnej nocy: Typowe objawy<\/h3>\n\n<p><b>Objawy ciemnej nocy duszy<\/b> mog\u0105 objawia\u0107 si\u0119 uczuciem <b>smutku<\/b>, <b>samotno\u015bci<\/b> i poczuciem <b>od\u0142\u0105czenia<\/b> od siebie i innych. Osoby <b>przechodz\u0105ce<\/b> przez <b>ciemn\u0105<\/b> noc cz\u0119sto zg\u0142aszaj\u0105 utrat\u0119 zainteresowania <b>przyziemnymi<\/b> czynno\u015bciami i g\u0142\u0119bok\u0105 t\u0119sknot\u0119 za <b>duchowym<\/b> <b>po\u0142\u0105czeniem<\/b>. Oznaki te wskazuj\u0105 na rozw\u00f3j g\u0142\u0119bszego <b>wewn\u0119trznego<\/b> <b>procesu<\/b>.  <\/p>\n\n<h3 class=\"wp-block-heading\">Czym ciemne noce r\u00f3\u017cni\u0105 si\u0119 od zwyk\u0142ych epizod\u00f3w depresji?<\/h3>\n\n<p>Podczas gdy <b>objawy<\/b> <b>ciemnej nocy duszy<\/b> mog\u0105 przypomina\u0107 objawy <b>depresji<\/b>, <b>ciemna noc<\/b> jest raczej <b>do\u015bwiadczeniem<\/b> <b>duchowym<\/b> ni\u017c <b>stanem<\/b> klinicznym. Jest to <b>podr\u00f3\u017c duszy<\/b> w kierunku <b>odnowy<\/b> i <b>odrodzenia<\/b>, a nie stan <b>patologii<\/b>. Kluczowa r\u00f3\u017cnica polega na <b>podstawowym<\/b> <b>znaczeniu<\/b> i celu tego <b>do\u015bwiadczenia<\/b>.  <\/p>\n\n<h3 class=\"wp-block-heading\">Mistyczne interpretacje objaw\u00f3w ciemnej nocy<\/h3>\n\n<p>W tradycjach <b>mistycznych<\/b> <b>objawy ciemnej nocy duszy<\/b> s\u0105 postrzegane jako procesy <b>oczyszczania<\/b>, w kt\u00f3rych <b>dusza<\/b> jest oczyszczana z <b>egoistycznych<\/b> pragnie\u0144 i przywi\u0105za\u0144. <b>Noc<\/b> duszy jest transformuj\u0105c\u0105 <b>inicjacj\u0105<\/b> w wy\u017csze stany <b>\u015bwiadomo\u015bci<\/b>, prowadz\u0105c\u0105 jednostki do <b>wi\u0119kszej<\/b> <b>\u015bwiadomo\u015bci<\/b> i <b>o\u015bwiecenia<\/b>. <\/p>\n\n<hr class=\"wp-block-separator has-alpha-channel-opacity\"\/>\n\n<h2 class=\"wp-block-heading\">Odkrywanie potencja\u0142u duchowego wzrostu w ciemne noce<\/h2>\n\n<h3 class=\"wp-block-heading\">Transformuj\u0105ca moc przyjmowania ciemno\u015bci<\/h3>\n\n<p>Obj\u0119cie <b>ciemno\u015bci<\/b> <b>duszy<\/b> w <b>ciemn\u0105<\/b> noc prowadzi do g\u0142\u0119bokiego <b>duchowego<\/b> <b>wzrostu<\/b> i <b>ewolucji<\/b>. To dzi\u0119ki stawieniu czo\u0142a wewn\u0119trznym <b>cieniom<\/b> jednostki mog\u0105 <b>zintegrowa\u0107<\/b> swoje <b>rany<\/b> i <b>ograniczenia<\/b>, pozwalaj\u0105c na wy\u0142onienie si\u0119 <b>uzdrowienia<\/b> i <b>pe\u0142ni<\/b>. <\/p>\n\n<h3 class=\"wp-block-heading\">Odkrywanie sensu i celu poprzez ciemn\u0105 noc<\/h3>\n\n<p>W g\u0142\u0119bi <b>ciemnej nocy duszy<\/b> jednostki cz\u0119sto odkrywaj\u0105 <b>g\u0142\u0119bsze<\/b>poczucie <b>sensu<\/b> i <b>celu<\/b> w swoim <b>\u017cyciu<\/b>. Wyzwania i <b>cierpienie<\/b> do\u015bwiadczane podczas tej <b>podr\u00f3\u017cy<\/b> s\u0142u\u017c\u0105 jako katalizatory <b>osobistej<\/b> i <b>duchowej<\/b> transformacji, prowadz\u0105c do g\u0142\u0119bokiej <b>zmiany<\/b> <b>\u015bwiadomo\u015bci<\/b>. <\/p>\n\n<h3 class=\"wp-block-heading\">Integracja do\u015bwiadcze\u0144 ciemnej nocy w praktyce duchowej<\/h3>\n\n<p><b>Ciemna noc<\/b> duszy zach\u0119ca jednostki do <b>zintegrowania<\/b> swoich <b>do\u015bwiadcze\u0144<\/b> z <b>praktyk\u0105 duchow\u0105<\/b> i codziennym <b>\u017cyciem<\/b>. Honoruj\u0105c <b>lekcje<\/b> zdobyte podczas <b>nocy<\/b> duszy, jednostki mog\u0105 <b>pog\u0142\u0119bi\u0107<\/b> swoje po\u0142\u0105czenie z <b>bosko\u015bci\u0105<\/b> i <b>przyj\u0105\u0107<\/b> swoje <b>autentyczne<\/b> <b>ja<\/b>.  <b>Integracja<\/b> do\u015bwiadcze\u0144 <b>ciemnej<\/b> nocy <b>toruje<\/b> drog\u0119 do trwa\u0142ej <b>transformacji<\/b>.<\/p>\n","protected":false},"excerpt":{"rendered":"<p>Ciemna noc duszy jest g\u0142\u0119bokim zjawiskiem duchowym, kt\u00f3re by\u0142o kontemplowane i do\u015bwiadczane przez jednostki na przestrzeni dziej\u00f3w. Zag\u0142\u0119bia si\u0119 w g\u0142\u0119bi\u0119 ludzkiego do\u015bwiadczenia, prowadz\u0105c jednostki w transformacyjn\u0105 podr\u00f3\u017c ku przebudzeniu. Pochodz\u0105ca z g\u0142\u0119bokiej eksploracji duchowo\u015bci koncepcja ciemnej nocy duszy ma ogromne znaczenie dla zrozumienia natury osobistego rozwoju i ewolucji. Czym jest ciemna noc duszy? Definicja [&hellip;]<\/p>\n","protected":false},"author":1,"featured_media":3817,"comment_status":"open","ping_status":"open","sticky":false,"template":"","format":"standard","meta":{"footnotes":""},"categories":[122,121],"tags":[],"class_list":["post-3816","post","type-post","status-publish","format-standard","has-post-thumbnail","hentry","category-duchowe-przebudzenie","category-duchowosc"],"_links":{"self":[{"href":"https:\/\/brandliebe.com\/pl\/wp-json\/wp\/v2\/posts\/3816","targetHints":{"allow":["GET"]}}],"collection":[{"href":"https:\/\/brandliebe.com\/pl\/wp-json\/wp\/v2\/posts"}],"about":[{"href":"https:\/\/brandliebe.com\/pl\/wp-json\/wp\/v2\/types\/post"}],"author":[{"embeddable":true,"href":"https:\/\/brandliebe.com\/pl\/wp-json\/wp\/v2\/users\/1"}],"replies":[{"embeddable":true,"href":"https:\/\/brandliebe.com\/pl\/wp-json\/wp\/v2\/comments?post=3816"}],"version-history":[{"count":1,"href":"https:\/\/brandliebe.com\/pl\/wp-json\/wp\/v2\/posts\/3816\/revisions"}],"predecessor-version":[{"id":3818,"href":"https:\/\/brandliebe.com\/pl\/wp-json\/wp\/v2\/posts\/3816\/revisions\/3818"}],"wp:featuredmedia":[{"embeddable":true,"href":"https:\/\/brandliebe.com\/pl\/wp-json\/wp\/v2\/media\/3817"}],"wp:attachment":[{"href":"https:\/\/brandliebe.com\/pl\/wp-json\/wp\/v2\/media?parent=3816"}],"wp:term":[{"taxonomy":"category","embeddable":true,"href":"https:\/\/brandliebe.com\/pl\/wp-json\/wp\/v2\/categories?post=3816"},{"taxonomy":"post_tag","embeddable":true,"href":"https:\/\/brandliebe.com\/pl\/wp-json\/wp\/v2\/tags?post=3816"}],"curies":[{"name":"wp","href":"https:\/\/api.w.org\/{rel}","templated":true}]}}