{"id":4320,"date":"2024-10-01T23:17:47","date_gmt":"2024-10-01T23:17:47","guid":{"rendered":"https:\/\/brandliebe.com\/duchowe-znaczenie-koloru-zoltego-symbolika-energia-i-znaczenie\/"},"modified":"2024-11-14T20:59:15","modified_gmt":"2024-11-14T20:59:15","slug":"duchowe-znaczenie-koloru-zoltego-symbolika-energia-i-znaczenie","status":"publish","type":"post","link":"https:\/\/brandliebe.com\/pl\/duchowe-znaczenie-koloru-zoltego-symbolika-energia-i-znaczenie\/","title":{"rendered":"Duchowe znaczenie koloru \u017c\u00f3\u0142tego: Symbolika, energia i znaczenie"},"content":{"rendered":"\n<p>Kolor \u017c\u00f3\u0142ty jest cz\u0119sto kojarzony z ciep\u0142em, rado\u015bci\u0105 i optymizmem.\nOpr\u00f3cz s\u0142onecznego wygl\u0105du, \u017c\u00f3\u0142ty ma g\u0142\u0119bokie <strong>duchowe znaczenie<\/strong>, kt\u00f3re od wiek\u00f3w jest uznawane w r\u00f3\u017cnych kulturach i tradycjach.\nJest to kolor, kt\u00f3ry reprezentuje <strong>jasno\u015b\u0107<\/strong>, <strong>intelekt<\/strong> i <strong>osobist\u0105 moc<\/strong>.\nW tym wpisie na blogu zbadamy <strong>duchowe znaczenie koloru \u017c\u00f3\u0142tego<\/strong>, jego zwi\u0105zek z <strong>czakr\u0105 splotu s\u0142onecznego<\/strong> oraz jego symboliczne znaczenie zar\u00f3wno w kontek\u015bcie ziemskim, jak i duchowym.   <\/p>\n\n<hr class=\"wp-block-separator has-alpha-channel-opacity\"\/>\n\n<h2 class=\"wp-block-heading\">Duchowe znaczenie koloru \u017c\u00f3\u0142tego: Co symbolizuje kolor \u017c\u00f3\u0142ty?<\/h2>\n\n<p><strong>Duchowe<\/strong> znaczenie koloru <strong>\u017c\u00f3\u0142tego<\/strong> jest \u015bci\u015ble zwi\u0105zane z <strong>witalno\u015bci\u0105<\/strong>, <strong>intelektem<\/strong> i <strong>jasno\u015bci\u0105 my\u015bli<\/strong>.\n\u017b\u00f3\u0142ty reprezentuje ciep\u0142y i <strong>energetyczny kolor<\/strong>, kt\u00f3ry inspiruje kreatywno\u015b\u0107 i optymizm, roz\u015bwietlaj\u0105c umys\u0142 i ducha.\nW \u015bwiecie duchowym \u017c\u00f3\u0142ty jest cz\u0119sto postrzegany jako kolor o\u015bwiecenia, zach\u0119caj\u0105cy do pozytywnego rozwoju i jasno\u015bci umys\u0142u.  <\/p>\n\n<p>Kluczowe duchowe znaczenia koloru \u017c\u00f3\u0142tego obejmuj\u0105:<\/p>\n\n<ul class=\"wp-block-list\">\n<li><strong>Jasno\u015b\u0107 my\u015bli<\/strong>: \u017b\u00f3\u0142ty zapewnia skupienie umys\u0142u i zrozumienie, pomagaj\u0105c o\u015bwietli\u0107 drog\u0119 przed nami.<\/li>\n\n\n\n<li><strong>Optymizm i rado\u015b\u0107<\/strong>: \u017b\u00f3\u0142ty to kolor s\u0142o\u0144ca i szcz\u0119\u015bcia, symbolizuj\u0105cy pozytywne nastawienie do \u017cycia.<\/li>\n\n\n\n<li><strong>Moc osobista<\/strong>: Zwi\u0105zany z <strong>czakr\u0105 splotu s\u0142onecznego<\/strong>, \u017c\u00f3\u0142ty wzmacnia pewno\u015b\u0107 siebie i zdolno\u015b\u0107 do przej\u0119cia kontroli nad w\u0142asnym \u017cyciem.<\/li>\n\n\n\n<li><strong>Ciep\u0142o i witalno\u015b\u0107<\/strong>: \u017b\u00f3\u0142ty zapewnia ciep\u0142o i \u017cyciodajn\u0105 energi\u0119, zach\u0119caj\u0105c do duchowego rozwoju i po\u0142\u0105czenia z wy\u017csz\u0105 \u015bwiadomo\u015bci\u0105.<\/li>\n<\/ul>\n\n<hr class=\"wp-block-separator has-alpha-channel-opacity\"\/>\n\n<h2 class=\"wp-block-heading\">\u017b\u00f3\u0142ty i czakra splotu s\u0142onecznego: siedziba mocy osobistej<\/h2>\n\n<h3 class=\"wp-block-heading\">Czakra splotu s\u0142onecznego i jej duchowe znaczenie<\/h3>\n\n<p><strong>Czakra splotu s\u0142onecznego<\/strong>, znana r\u00f3wnie\u017c jako <strong>czakra Manipura<\/strong>, znajduje si\u0119 tu\u017c nad p\u0119pkiem i zarz\u0105dza naszym poczuciem osobistej mocy, poczuciem w\u0142asnej warto\u015bci i pewno\u015bci siebie.\n <strong>Kolor \u017c\u00f3\u0142ty<\/strong> jest zwi\u0105zany z t\u0105 czakr\u0105, a jej energia pomaga nam rozwija\u0107 wewn\u0119trzn\u0105 si\u0142\u0119 i pewno\u015b\u0107 siebie. <\/p>\n\n<p><strong>Duchowe znaczenie koloru \u017c\u00f3\u0142tego<\/strong> w odniesieniu do splotu s\u0142onecznego obejmuje:<\/p>\n\n<ul class=\"wp-block-list\">\n<li><strong>Pewno\u015b\u0107 siebie i wzmocnienie<\/strong>: \u017b\u00f3\u0142ty pomaga aktywowa\u0107 czakr\u0119 splotu s\u0142onecznego, daj\u0105c nam si\u0142\u0119 do pokonywania przeszk\u00f3d.<\/li>\n\n\n\n<li><strong>R\u00f3wnowaga emocjonalna<\/strong>: Zr\u00f3wnowa\u017cona czakra splotu s\u0142onecznego promuje stabilno\u015b\u0107 emocjonaln\u0105 i odporno\u015b\u0107 w obliczu wyzwa\u0144.<\/li>\n\n\n\n<li><strong>Kontrola nad \u015bwiatem zewn\u0119trznym<\/strong>: \u017b\u00f3\u0142ta energia pomaga nam zarz\u0105dza\u0107 naszymi relacjami ze \u015bwiatem <strong>zewn\u0119trznym<\/strong>, koncentruj\u0105c si\u0119 na naszych potrzebach, pragnieniach i zdolno\u015bci do podejmowania dzia\u0142a\u0144.<\/li>\n<\/ul>\n\n<h3 class=\"wp-block-heading\">Jak u\u017cywa\u0107 \u017c\u00f3\u0142tego koloru do r\u00f3wnowa\u017cenia czakry splotu s\u0142onecznego?<\/h3>\n\n<p>W\u0142\u0105czenie koloru \u017c\u00f3\u0142tego do praktyki duchowej mo\u017ce pom\u00f3c przywr\u00f3ci\u0107 r\u00f3wnowag\u0119 czakry splotu s\u0142onecznego.\nOto jak to zrobi\u0107: <\/p>\n\n<ol class=\"wp-block-list\">\n<li>No\u015b <strong>\u017c\u00f3\u0142te<\/strong> ubrania lub akcesoria, aby zwi\u0119kszy\u0107 swoj\u0105 pewno\u015b\u0107 siebie i si\u0142\u0119 osobist\u0105.<\/li>\n\n\n\n<li><strong>U\u017cyj \u017c\u00f3\u0142tych kamieni szlachetnych<\/strong>, takich jak cytryn lub \u017c\u00f3\u0142ty topaz, aby skierowa\u0107 energi\u0119 do splotu s\u0142onecznego.<\/li>\n\n\n\n<li><strong>Medytuj z \u017c\u00f3\u0142tym \u015bwiat\u0142em<\/strong>, wyobra\u017caj\u0105c sobie jasno\u017c\u00f3\u0142t\u0105 po\u015bwiat\u0119 wok\u00f3\u0142 splotu s\u0142onecznego, aby zwi\u0119kszy\u0107 pewno\u015b\u0107 siebie i stabilno\u015b\u0107 emocjonaln\u0105.<\/li>\n<\/ol>\n\n<hr class=\"wp-block-separator has-alpha-channel-opacity\"\/>\n\n<h2 class=\"wp-block-heading\">Symbolika koloru \u017c\u00f3\u0142tego: Co \u017c\u00f3\u0142ty symbolizuje w duchowo\u015bci<\/h2>\n\n<h3 class=\"wp-block-heading\">\u017b\u00f3\u0142ty jako symbol intelektu i m\u0105dro\u015bci<\/h3>\n\n<p>W wielu tradycjach <strong>\u017c\u00f3\u0142ty symbolizuje intelekt<\/strong> i jasno\u015b\u0107 umys\u0142u.\nCz\u0119sto kojarzony jest z m\u0105dro\u015bci\u0105, pomagaj\u0105c nam jasno my\u015ble\u0107 i podejmowa\u0107 lepsze decyzje.\n\u017b\u00f3\u0142ty mo\u017ce stymulowa\u0107 nasze umys\u0142y, prowadz\u0105c nas w kierunku nowych spostrze\u017ce\u0144 i rozwoju duchowego.  <\/p>\n\n<p><strong>\u017b\u00f3\u0142ty symbolizuje<\/strong>:<\/p>\n\n<ul class=\"wp-block-list\">\n<li><strong>Inteligencja<\/strong>: Kolor ten jest powi\u0105zany z d\u0105\u017ceniami intelektualnymi, pozwalaj\u0105c na ja\u015bniejsze my\u015blenie i zrozumienie.<\/li>\n\n\n\n<li><strong>Duchowy wgl\u0105d<\/strong>: \u017b\u00f3\u0142ty pomaga otworzy\u0107 umys\u0142 na duchowy wgl\u0105d i wy\u017csze poziomy \u015bwiadomo\u015bci.<\/li>\n\n\n\n<li><strong>S\u0142u\u017cba innym<\/strong>: \u017b\u00f3\u0142ty zach\u0119ca nas do wykorzystywania naszego intelektu i zdolno\u015bci w s\u0142u\u017cbie innym, co prowadzi do wi\u0119kszego spe\u0142nienia.<\/li>\n<\/ul>\n\n<h3 class=\"wp-block-heading\">\u017b\u00f3\u0142ty i jego zwi\u0105zek ze s\u0142o\u0144cem<\/h3>\n\n<p><strong>\u017b\u00f3\u0142ty to kolor<\/strong> s\u0142o\u0144ca, kt\u00f3ry reprezentuje <strong>rado\u015b\u0107<\/strong> i <strong>\u017cyciodajn\u0105 energi\u0119<\/strong>.\n <strong>S\u0142o\u0144ce i \u017c\u00f3\u0142ty<\/strong> s\u0105 powi\u0105zane w tradycjach duchowych ze wzgl\u0119du na ich moc zapewniania ciep\u0142a, witalno\u015bci i po\u017cywienia. <\/p>\n\n<ul class=\"wp-block-list\">\n<li><strong>Kolor s\u0142o\u0144ca<\/strong>: \u017b\u00f3\u0142ty przywo\u0142uje ciep\u0142o i szcz\u0119\u015bcie, wnosz\u0105c \u015bwiat\u0142o do ciemnych miejsc zar\u00f3wno fizycznie, jak i metaforycznie.<\/li>\n\n\n\n<li><strong>Symbol rozwoju<\/strong>: Po\u0142\u0105czenie \u017c\u00f3\u0142tego ze s\u0142o\u0144cem sprawia, \u017ce jest on symbolem osobistego i duchowego rozwoju, nap\u0119dzaj\u0105c zar\u00f3wno umys\u0142, jak i ducha.<\/li>\n<\/ul>\n\n<hr class=\"wp-block-separator has-alpha-channel-opacity\"\/>\n\n<h2 class=\"wp-block-heading\">Moc koloru \u017c\u00f3\u0142tego w koloroterapii<\/h2>\n\n<p><strong>Koloroterapia<\/strong> to duchowa praktyka, w kt\u00f3rej okre\u015blone kolory s\u0105 u\u017cywane do leczenia i r\u00f3wnowa\u017cenia r\u00f3\u017cnych aspekt\u00f3w naszego \u017cycia. <strong>\u017b\u00f3\u0142ty jest pot\u0119\u017cnym kolorem<\/strong> w tym kontek\u015bcie, poniewa\u017c mo\u017ce zwi\u0119kszy\u0107 energi\u0119, poprawi\u0107 jasno\u015b\u0107 umys\u0142u i inspirowa\u0107 pozytywne nastawienie.<\/p>\n\n<h3 class=\"wp-block-heading\">Lecznicze w\u0142a\u015bciwo\u015bci koloru \u017c\u00f3\u0142tego w koloroterapii<\/h3>\n\n<ul class=\"wp-block-list\">\n<li><strong>Jasno\u015b\u0107 i skupienie<\/strong>: \u017b\u00f3\u0142ty pomaga wyostrzy\u0107 umys\u0142, dzi\u0119ki czemu jest idealnym kolorem do medytacji lub gdy szukasz jasno\u015bci umys\u0142u.<\/li>\n\n\n\n<li><strong>Emocjonalne podniesienie<\/strong> na <strong>duchu<\/strong>: \u017b\u00f3\u0142ty ma podnosz\u0105cy na duchu wp\u0142yw na emocje, pomagaj\u0105c przezwyci\u0119\u017cy\u0107 uczucie smutku lub rozpaczy.<\/li>\n\n\n\n<li><strong>Witalno\u015b\u0107 i energia<\/strong>: \u017b\u00f3\u0142ty reprezentuje <strong>witalno\u015b\u0107<\/strong> \u017cycia, zwi\u0119kszaj\u0105c poziom energii i poprawiaj\u0105c samopoczucie.<\/li>\n<\/ul>\n\n<hr class=\"wp-block-separator has-alpha-channel-opacity\"\/>\n\n<h2 class=\"wp-block-heading\">\u017b\u00f3\u0142ty w r\u00f3\u017cnych praktykach duchowych i kulturach<\/h2>\n\n<h3 class=\"wp-block-heading\">\u017b\u00f3\u0142ty w Biblii i staro\u017cytnych tekstach<\/h3>\n\n<p>W <strong>Biblii<\/strong> <strong>kolor \u017c\u00f3\u0142ty symbol<\/strong> izuje wiar\u0119 i bosk\u0105 chwa\u0142\u0119.\nCz\u0119sto wyst\u0119puje w po\u0142\u0105czeniu ze z\u0142otem, symbolizuj\u0105cym <strong>zrozumienie<\/strong> i <strong>duchow\u0105 m\u0105dro\u015b\u0107<\/strong>. <strong>Z\u0142oto reprezent<\/strong> uje bosk\u0105 natur\u0119 Boga, a jego \u017c\u00f3\u0142ty odcie\u0144 przypomina o czysto\u015bci i d\u0105\u017ceniu do wy\u017cszych prawd duchowych. <\/p>\n\n<h3 class=\"wp-block-heading\">\u017b\u00f3\u0142ty we wschodnich tradycjach duchowych<\/h3>\n\n<p>W tradycjach Wschodu <strong>\u017c\u00f3\u0142ty jest<\/strong> kolorem m\u0105dro\u015bci i o\u015bwiecenia.\nMnisi w kulturach buddyjskich cz\u0119sto nosz\u0105 \u017c\u00f3\u0142te szaty, aby symbolizowa\u0107 ich podr\u00f3\u017c w kierunku duchowego o\u015bwiecenia i wewn\u0119trznego spokoju. <\/p>\n\n<hr class=\"wp-block-separator has-alpha-channel-opacity\"\/>\n\n<h2 class=\"wp-block-heading\">W\u0142\u0105czanie koloru \u017c\u00f3\u0142tego do swojego \u017cycia: Przewodnik<\/h2>\n\n<h3 class=\"wp-block-heading\">Jak wprowadzi\u0107 moc koloru \u017c\u00f3\u0142tego do swojego \u017cycia?<\/h3>\n\n<p>Aby czerpa\u0107 duchowe korzy\u015bci z koloru \u017c\u00f3\u0142tego, mo\u017cesz zacz\u0105\u0107 od <strong>dodania go<\/strong> do swojego codziennego \u017cycia:<\/p>\n\n<ul class=\"wp-block-list\">\n<li>Udekoruj <strong>na \u017c\u00f3\u0142to<\/strong>: Dodanie \u017c\u00f3\u0142tych akcent\u00f3w, takich jak kwiaty lub \u015bwiece, do przestrzeni \u017cyciowej mo\u017ce wnie\u015b\u0107 wi\u0119cej \u015bwiat\u0142a i pozytywnej energii do otoczenia.<\/li>\n\n\n\n<li><strong>No\u015b \u017c\u00f3\u0142ty kolor<\/strong>: Noszenie \u017c\u00f3\u0142tych ubra\u0144 lub bi\u017cuterii mo\u017ce pom\u00f3c zwi\u0119kszy\u0107 pewno\u015b\u0107 siebie, zwi\u0119kszy\u0107 przejrzysto\u015b\u0107 i promowa\u0107 ciep\u0142o w interakcjach z innymi.<\/li>\n\n\n\n<li><strong>U\u017cywaj \u017c\u00f3\u0142tego koloru w praktykach duchowych<\/strong>: Niezale\u017cnie od tego, czy medytujesz nad \u017c\u00f3\u0142tym \u015bwiat\u0142em, czy u\u017cywasz \u017c\u00f3\u0142tych kryszta\u0142\u00f3w, w\u0142\u0105czenie koloru \u017c\u00f3\u0142tego do praktyk duchowych mo\u017ce pom\u00f3c ci uzyska\u0107 duchowy wgl\u0105d i zr\u00f3wnowa\u017cy\u0107 czakr\u0119 splotu s\u0142onecznego.<\/li>\n<\/ul>\n\n<h3 class=\"wp-block-heading\">\u017b\u00f3\u0142te r\u00f3\u017ce i ich symbolika<\/h3>\n\n<p>\u017b\u00f3\u0142te r\u00f3\u017ce s\u0105 symbolem przyja\u017ani, rado\u015bci i nowych pocz\u0105tk\u00f3w.\nDawanie lub otrzymywanie <strong>\u017c\u00f3\u0142tych r\u00f3\u017c<\/strong> mo\u017ce reprezentowa\u0107 ciep\u0142o nowego zwi\u0105zku lub \u015bwi\u0119towanie cenionej przyja\u017ani.\nUosabiaj\u0105 one r\u00f3wnie\u017c duchowe cechy optymizmu i szcz\u0119\u015bcia.  <\/p>\n\n<hr class=\"wp-block-separator has-alpha-channel-opacity\"\/>\n\n<h2 class=\"wp-block-heading\">\u017b\u00f3\u0142ty i jego duchowe znaczenie w \u017cyciu codziennym<\/h2>\n\n<p><strong>Duchowe<\/strong> znaczenie <strong>koloru \u017c\u00f3\u0142tego<\/strong> wykracza poza medytacj\u0119 i praktyki duchowe.\nNapotykanie \u017c\u00f3\u0142tego koloru w codziennym \u017cyciu, na przyk\u0142ad widz\u0105c <strong>\u017c\u00f3\u0142te<\/strong> \u015bwiat\u0142a drogowe, \u017c\u00f3\u0142te kwiaty, a nawet nosz\u0105c <strong>\u017c\u00f3\u0142ty kamie\u0144 szlachetny<\/strong>, mo\u017ce s\u0142u\u017cy\u0107 jako przypomnienie, aby pozosta\u0107 optymist\u0105 i skupi\u0107 si\u0119 na rozwoju osobistym. <\/p>\n\n<ul class=\"wp-block-list\">\n<li><strong>\u017b\u00f3\u0142te \u015bwiat\u0142o drogowe<\/strong>: \u017b\u00f3\u0142te \u015bwiat\u0142o drogowe jest wezwaniem do ostro\u017cnego post\u0119powania, symbolicznie zach\u0119caj\u0105c nas do zwolnienia i uzyskania jasno\u015bci przed p\u00f3j\u015bciem naprz\u00f3d.<\/li>\n\n\n\n<li><strong>\u017b\u00f3\u0142te kwiaty<\/strong>: Zobaczenie lub podarowanie <strong>\u017c\u00f3\u0142tych kwiat\u00f3w<\/strong> mo\u017ce symbolizowa\u0107 rado\u015b\u0107 i szcz\u0119\u015bcie, dodaj\u0105c odrobin\u0119 ciep\u0142a do ka\u017cdego zwi\u0105zku.<\/li>\n<\/ul>\n\n<hr class=\"wp-block-separator has-alpha-channel-opacity\"\/>\n\n<h2 class=\"wp-block-heading\">Wnioski: Wykorzystanie duchowej mocy koloru \u017c\u00f3\u0142tego<\/h2>\n\n<p><strong>Kolor \u017c\u00f3\u0142ty<\/strong> to jasny, <strong>ciep\u0142y i energetyczny<\/strong> kolor, kt\u00f3ry ma g\u0142\u0119bokie <strong>znaczenie duchowe<\/strong>.\nOd powi\u0105zania z <strong>czakr\u0105 splotu s\u0142onecznego<\/strong> i <strong>osobist\u0105 moc<\/strong> \u0105, po zwi\u0105zek z <strong>jasno\u015bci\u0105 my\u015bli<\/strong> i <strong>duchowym wgl\u0105dem<\/strong>, \u017c\u00f3\u0142ty jest kolorem, kt\u00f3ry mo\u017ce poprowadzi\u0107 nas w kierunku wi\u0119kszego zrozumienia i o\u015bwiecenia. <\/p>\n\n<p>Niezale\u017cnie od tego, czy w\u0142\u0105czasz <strong>\u017c\u00f3\u0142ty do swojego \u017cycia<\/strong> poprzez terapi\u0119 kolorami, nosisz \u017c\u00f3\u0142ty, aby zwi\u0119kszy\u0107 swoj\u0105 pewno\u015b\u0107 siebie, czy medytujesz nad <strong>\u017c\u00f3\u0142tym \u015bwiat\u0142em<\/strong> s\u0142o\u0144ca, kolor ten oferuje g\u0142\u0119bokie korzy\u015bci duchowe. Wykorzystaj moc \u017c\u00f3\u0142tego koloru w swojej <strong>duchowej<\/strong> podr\u00f3\u017cy i pozw\u00f3l, by jego jasna energia wype\u0142ni\u0142a twoje \u017cycie optymizmem, m\u0105dro\u015bci\u0105 i rado\u015bci\u0105. <\/p>\n","protected":false},"excerpt":{"rendered":"<p>Kolor \u017c\u00f3\u0142ty jest cz\u0119sto kojarzony z ciep\u0142em, rado\u015bci\u0105 i optymizmem. Opr\u00f3cz s\u0142onecznego wygl\u0105du, \u017c\u00f3\u0142ty ma g\u0142\u0119bokie duchowe znaczenie, kt\u00f3re od wiek\u00f3w jest uznawane w r\u00f3\u017cnych kulturach i tradycjach. Jest to kolor, kt\u00f3ry reprezentuje jasno\u015b\u0107, intelekt i osobist\u0105 moc. W tym wpisie na blogu zbadamy duchowe znaczenie koloru \u017c\u00f3\u0142tego, jego zwi\u0105zek z czakr\u0105 splotu s\u0142onecznego oraz [&hellip;]<\/p>\n","protected":false},"author":1,"featured_media":4322,"comment_status":"open","ping_status":"open","sticky":false,"template":"","format":"standard","meta":{"footnotes":""},"categories":[121,126],"tags":[],"class_list":["post-4320","post","type-post","status-publish","format-standard","has-post-thumbnail","hentry","category-duchowosc","category-praktyki-duchowe"],"_links":{"self":[{"href":"https:\/\/brandliebe.com\/pl\/wp-json\/wp\/v2\/posts\/4320","targetHints":{"allow":["GET"]}}],"collection":[{"href":"https:\/\/brandliebe.com\/pl\/wp-json\/wp\/v2\/posts"}],"about":[{"href":"https:\/\/brandliebe.com\/pl\/wp-json\/wp\/v2\/types\/post"}],"author":[{"embeddable":true,"href":"https:\/\/brandliebe.com\/pl\/wp-json\/wp\/v2\/users\/1"}],"replies":[{"embeddable":true,"href":"https:\/\/brandliebe.com\/pl\/wp-json\/wp\/v2\/comments?post=4320"}],"version-history":[{"count":1,"href":"https:\/\/brandliebe.com\/pl\/wp-json\/wp\/v2\/posts\/4320\/revisions"}],"predecessor-version":[{"id":4324,"href":"https:\/\/brandliebe.com\/pl\/wp-json\/wp\/v2\/posts\/4320\/revisions\/4324"}],"wp:featuredmedia":[{"embeddable":true,"href":"https:\/\/brandliebe.com\/pl\/wp-json\/wp\/v2\/media\/4322"}],"wp:attachment":[{"href":"https:\/\/brandliebe.com\/pl\/wp-json\/wp\/v2\/media?parent=4320"}],"wp:term":[{"taxonomy":"category","embeddable":true,"href":"https:\/\/brandliebe.com\/pl\/wp-json\/wp\/v2\/categories?post=4320"},{"taxonomy":"post_tag","embeddable":true,"href":"https:\/\/brandliebe.com\/pl\/wp-json\/wp\/v2\/tags?post=4320"}],"curies":[{"name":"wp","href":"https:\/\/api.w.org\/{rel}","templated":true}]}}