{"id":4832,"date":"2024-11-19T17:18:34","date_gmt":"2024-11-19T17:18:34","guid":{"rendered":"https:\/\/brandliebe.com\/etapy-rozwoju-osobistego-przewodnik-po-rozwoju-i-spelnieniu\/"},"modified":"2024-12-04T12:42:49","modified_gmt":"2024-12-04T12:42:49","slug":"etapy-rozwoju-osobistego-przewodnik-po-rozwoju-i-spelnieniu","status":"publish","type":"post","link":"https:\/\/brandliebe.com\/pl\/etapy-rozwoju-osobistego-przewodnik-po-rozwoju-i-spelnieniu\/","title":{"rendered":"Etapy rozwoju osobistego: Przewodnik po rozwoju i spe\u0142nieniu"},"content":{"rendered":"\n<p>Zrozumienie <strong>etap\u00f3w rozwoju osobistego<\/strong> jest kluczem do osi\u0105gni\u0119cia osobistego i emocjonalnego spe\u0142nienia. Jedn\u0105 z najg\u0142\u0119bszych ram do badania tych etap\u00f3w jest <strong>teoria rozwoju psychospo\u0142ecznego Erika Eriksona<\/strong>, kt\u00f3ra przedstawia <strong>osiem etap\u00f3w rozwoju psychospo\u0142ecznego<\/strong> od niemowl\u0119ctwa do p\u00f3\u017anej doros\u0142o\u015bci. Etapy te podkre\u015blaj\u0105 podr\u00f3\u017c ludzkiego rozwoju, k\u0142ad\u0105c nacisk na to, jak radzimy sobie z wyzwaniami i mo\u017cliwo\u015bciami przez ca\u0142e \u017cycie.  <\/p>\n\n<p>Ten artyku\u0142 zag\u0142\u0119bia si\u0119 w teori\u0119 Eriksona, \u0142\u0105cz\u0105c j\u0105 z rozwojem osobistym i duchowym, kt\u00f3ry prowadzi do wewn\u0119trznej zmiany i spe\u0142nienia.<\/p>\n\n<hr class=\"wp-block-separator has-alpha-channel-opacity\"\/>\n\n<h2 class=\"wp-block-heading\">Czym s\u0105 etapy rozwoju osobistego?<\/h2>\n\n<p>Etapy rozwoju osobistego odnosz\u0105 si\u0119 do faz wzrostu i rozwoju, kt\u00f3re kszta\u0142tuj\u0105 osobowo\u015b\u0107 jednostki, dobrostan emocjonalny i interakcje spo\u0142eczne. Etapy te pomagaj\u0105 zdefiniowa\u0107 kluczowe aspekty naszego \u017cycia, takie jak: <\/p>\n\n<ul class=\"wp-block-list\">\n<li><strong>Osobista kontrola nad umiej\u0119tno\u015bciami fizycznymi<\/strong>.<\/li>\n\n\n\n<li><strong>Poczucie w\u0142asnej warto\u015bci i to\u017csamo\u015b\u0107 osobista<\/strong>.<\/li>\n\n\n\n<li><strong>Warto\u015bci i cele dla sensownego \u017cycia<\/strong>.<\/li>\n<\/ul>\n\n<h3 class=\"wp-block-heading\">Kluczowe elementy rozwoju osobistego<\/h3>\n\n<ol class=\"wp-block-list\">\n<li><strong>Rozw\u00f3j emocjonalny<\/strong>: Rozwijanie inteligencji emocjonalnej i odporno\u015bci.<\/li>\n\n\n\n<li><strong>Rozw\u00f3j spo\u0142eczny<\/strong>: Poprawa relacji interpersonalnych i wk\u0142adu spo\u0142ecznego.<\/li>\n\n\n\n<li><strong>Rozw\u00f3j duchowy<\/strong>: Znalezienie celu i wewn\u0119trznego spokoju.<\/li>\n\n\n\n<li><strong>Rozw\u00f3j fizyczny<\/strong>: Rola umiej\u0119tno\u015bci fizycznych w kontroli osobistej.<\/li>\n<\/ol>\n\n<hr class=\"wp-block-separator has-alpha-channel-opacity\"\/>\n\n<h2 class=\"wp-block-heading\">Teoria rozwoju psychospo\u0142ecznego Erika Eriksona<\/h2>\n\n<h3 class=\"wp-block-heading\">Przegl\u0105d o\u015bmiu etap\u00f3w Eriksona<\/h3>\n\n<p><strong>Erik Erikson<\/strong>, znany psycholog rozwojowy, wprowadzi\u0142 <strong>8 etap\u00f3w rozwoju psychospo\u0142ecznego<\/strong> w swojej <strong>teorii rozwoju psychospo\u0142ecznego<\/strong>. Etapy te koncentruj\u0105 si\u0119 na tym, jak jednostki rozwi\u0105zuj\u0105 konflikty na r\u00f3\u017cnych etapach \u017cycia, kszta\u0142tuj\u0105c ich rozw\u00f3j osobisty i spo\u0142eczny. <\/p>\n\n<p>Ka\u017cdy etap stanowi wyzwanie rozwojowe, kt\u00f3re nale\u017cy pokona\u0107, aby wspiera\u0107 pozytywny rozw\u00f3j. Sukces na ka\u017cdym etapie prowadzi do silniejszego poczucia siebie i osobistej kontroli, podczas gdy pora\u017cka mo\u017ce skutkowa\u0107 takimi kwestiami, jak <strong>dezorientacja r\u00f3l<\/strong> lub <strong>wstyd i w\u0105tpliwo\u015bci<\/strong>. <\/p>\n\n<hr class=\"wp-block-separator has-alpha-channel-opacity\"\/>\n\n<h2 class=\"wp-block-heading\">Osiem etap\u00f3w rozwoju psychospo\u0142ecznego<\/h2>\n\n<h3 class=\"wp-block-heading\">Etap 1: Zaufanie kontra nieufno\u015b\u0107 (niemowl\u0119ctwo)<\/h3>\n\n<ul class=\"wp-block-list\">\n<li><strong>Kluczowe pytanie<\/strong>: Czy mog\u0119 ufa\u0107 \u015bwiatu?<\/li>\n\n\n\n<li><strong>Przedzia\u0142 wiekowy<\/strong>: Od urodzenia do 1 roku.<\/li>\n\n\n\n<li><strong>Koncentracja<\/strong>: Rozwijanie poczucia zaufania, gdy opiekunowie zapewniaj\u0105 niezawodno\u015b\u0107, opiek\u0119 i czu\u0142o\u015b\u0107.<\/li>\n\n\n\n<li><strong>Wynik<\/strong>:\n<ul class=\"wp-block-list\">\n<li>Pozytywne: Zaufanie do innych i poczucie bezpiecze\u0144stwa.<\/li>\n\n\n\n<li>Negatywne: Nieufno\u015b\u0107 i niepewno\u015b\u0107.<\/li>\n<\/ul>\n<\/li>\n<\/ul>\n\n<hr class=\"wp-block-separator has-alpha-channel-opacity\"\/>\n\n<h3 class=\"wp-block-heading\">Etap 2: Autonomia a wstyd i w\u0105tpliwo\u015bci (wczesne dzieci\u0144stwo)<\/h3>\n\n<ul class=\"wp-block-list\">\n<li><strong>Kluczowe pytanie<\/strong>: Czy mog\u0119 robi\u0107 rzeczy samodzielnie?<\/li>\n\n\n\n<li><strong>Przedzia\u0142 wiekowy<\/strong>: 1 do 3 lat.<\/li>\n\n\n\n<li><strong>Cel<\/strong>: Uzyskanie poczucia osobistej kontroli nad umiej\u0119tno\u015bciami fizycznymi i niezale\u017cno\u015bci.<\/li>\n\n\n\n<li><strong>Wynik<\/strong>:\n<ul class=\"wp-block-list\">\n<li>Pozytywne: Wiara w swoje umiej\u0119tno\u015bci.<\/li>\n\n\n\n<li>Negatywny: Wstyd i zw\u0105tpienie w swoje mo\u017cliwo\u015bci.<\/li>\n<\/ul>\n<\/li>\n<\/ul>\n\n<hr class=\"wp-block-separator has-alpha-channel-opacity\"\/>\n\n<h3 class=\"wp-block-heading\">Etap 3: Inicjatywa kontra poczucie winy (przedszkole)<\/h3>\n\n<ul class=\"wp-block-list\">\n<li><strong>Kluczowe pytanie<\/strong>: Czy jestem dobry czy z\u0142y?<\/li>\n\n\n\n<li><strong>Przedzia\u0142 wiekowy<\/strong>: 3 do 5 lat.<\/li>\n\n\n\n<li><strong>Koncentracja<\/strong>: Dzieci zaczynaj\u0105 przejmowa\u0107 w\u0142adz\u0119 i inicjatyw\u0119 w swoim otoczeniu.<\/li>\n\n\n\n<li><strong>Wynik<\/strong>:\n<ul class=\"wp-block-list\">\n<li>Pozytywne: Poczucie celu i odpowiedzialno\u015bci za swoje dzia\u0142ania.<\/li>\n\n\n\n<li>Negatywne: Poczucie winy i niezdecydowanie.<\/li>\n<\/ul>\n<\/li>\n<\/ul>\n\n<hr class=\"wp-block-separator has-alpha-channel-opacity\"\/>\n\n<h3 class=\"wp-block-heading\">Etap 4: Przemys\u0142 kontra ni\u017cszo\u015b\u0107 (wiek szkolny)<\/h3>\n\n<ul class=\"wp-block-list\">\n<li><strong>Kluczowe pytanie<\/strong>: Jak mog\u0119 by\u0107 dobry?<\/li>\n\n\n\n<li><strong>Przedzia\u0142 wiekowy<\/strong>: 6-12 lat.<\/li>\n\n\n\n<li><strong>Koncentracja<\/strong>: Rozwijanie poczucia kompetencji i opanowanie nowych umiej\u0119tno\u015bci.<\/li>\n\n\n\n<li><strong>Wynik<\/strong>:\n<ul class=\"wp-block-list\">\n<li>Pozytywne: Pewno\u015b\u0107 siebie i duma z osi\u0105gni\u0119\u0107.<\/li>\n\n\n\n<li>Negatywne: Poczucie ni\u017cszo\u015bci i pora\u017cki.<\/li>\n<\/ul>\n<\/li>\n<\/ul>\n\n<hr class=\"wp-block-separator has-alpha-channel-opacity\"\/>\n\n<h3 class=\"wp-block-heading\">Etap 5: To\u017csamo\u015b\u0107 a pomieszanie r\u00f3l (okres dojrzewania)<\/h3>\n\n<ul class=\"wp-block-list\">\n<li><strong>Kluczowe pytanie<\/strong>: Kim jestem?<\/li>\n\n\n\n<li><strong>Przedzia\u0142 wiekowy<\/strong>: 12-18 lat.<\/li>\n\n\n\n<li><strong>Koncentracja<\/strong>: Rozwijanie silnego poczucia w\u0142asnej warto\u015bci i to\u017csamo\u015bci osobistej.<\/li>\n\n\n\n<li><strong>Wynik<\/strong>:\n<ul class=\"wp-block-list\">\n<li>Pozytywny: Wyra\u017ane poczucie kierunku w \u017cyciu.<\/li>\n\n\n\n<li>Negatywne: Pomieszanie <strong>r\u00f3l<\/strong> i s\u0142abe poczucie w\u0142asnej warto\u015bci.<\/li>\n<\/ul>\n<\/li>\n<\/ul>\n\n<hr class=\"wp-block-separator has-alpha-channel-opacity\"\/>\n\n<h3 class=\"wp-block-heading\">Etap 6: Intymno\u015b\u0107 kontra izolacja (m\u0142oda doros\u0142o\u015b\u0107)<\/h3>\n\n<ul class=\"wp-block-list\">\n<li><strong>Kluczowe pytanie<\/strong>: Czy potrafi\u0119 nawi\u0105zywa\u0107 znacz\u0105ce relacje?<\/li>\n\n\n\n<li><strong>Przedzia\u0142 wiekowy<\/strong>: 18 do 40 lat.<\/li>\n\n\n\n<li><strong>Skupienie<\/strong>: Budowanie silnych, pe\u0142nych mi\u0142o\u015bci relacji.<\/li>\n\n\n\n<li><strong>Wynik<\/strong>:\n<ul class=\"wp-block-list\">\n<li>Pozytywne: G\u0142\u0119bokie po\u0142\u0105czenia i znacz\u0105ce relacje.<\/li>\n\n\n\n<li>Negatywne: Samotno\u015b\u0107 i izolacja.<\/li>\n<\/ul>\n<\/li>\n<\/ul>\n\n<hr class=\"wp-block-separator has-alpha-channel-opacity\"\/>\n\n<h3 class=\"wp-block-heading\">Etap 7: Generatywno\u015b\u0107 kontra stagnacja (\u015brednia doros\u0142o\u015b\u0107)<\/h3>\n\n<ul class=\"wp-block-list\">\n<li><strong>Kluczowe pytanie<\/strong>: Jak mog\u0119 przyczyni\u0107 si\u0119 do rozwoju \u015bwiata?<\/li>\n\n\n\n<li><strong>Przedzia\u0142 wiekowy<\/strong>: 40-65 lat.<\/li>\n\n\n\n<li><strong>Koncentracja<\/strong>: Przyczynianie si\u0119 do rozwoju spo\u0142ecze\u0144stwa i kierowanie nast\u0119pnym pokoleniem.<\/li>\n\n\n\n<li><strong>Wynik<\/strong>:\n<ul class=\"wp-block-list\">\n<li>Pozytywne: Poczucie celu i wk\u0142adu w \u015bwiat.<\/li>\n\n\n\n<li>Negatywne: Stagnacja i brak rozwoju osobistego.<\/li>\n<\/ul>\n<\/li>\n<\/ul>\n\n<hr class=\"wp-block-separator has-alpha-channel-opacity\"\/>\n\n<h3 class=\"wp-block-heading\">Etap 8: Uczciwo\u015b\u0107 kontra rozpacz (p\u00f3\u017ana doros\u0142o\u015b\u0107)<\/h3>\n\n<ul class=\"wp-block-list\">\n<li><strong>Kluczowe pytanie<\/strong>: Czy prowadzi\u0142em sensowne \u017cycie?<\/li>\n\n\n\n<li><strong>Przedzia\u0142 wiekowy<\/strong>: 65 lat i wi\u0119cej.<\/li>\n\n\n\n<li><strong>Skupienie<\/strong>: Refleksja nad osi\u0105gni\u0119ciami \u017cyciowymi i odnalezienie spokoju.<\/li>\n\n\n\n<li><strong>Wynik<\/strong>:\n<ul class=\"wp-block-list\">\n<li>Pozytywny: <strong>Integralno\u015b\u0107<\/strong> i akceptacja <strong>ego<\/strong>.<\/li>\n\n\n\n<li>Negatywny: \u017bal i rozpacz.<\/li>\n<\/ul>\n<\/li>\n<\/ul>\n\n<hr class=\"wp-block-separator has-alpha-channel-opacity\"\/>\n\n<h2 class=\"wp-block-heading\">Jak etapy Eriksona odnosz\u0105 si\u0119 do rozwoju osobistego?<\/h2>\n\n<h3 class=\"wp-block-heading\">Rozw\u00f3j emocjonalny i duchowy<\/h3>\n\n<p>Ka\u017cdy etap obejmuje <strong>rozw\u00f3j emocjonalny<\/strong>, kt\u00f3ry prowadzi do wewn\u0119trznej zmiany. Na przyk\u0142ad: <\/p>\n\n<ul class=\"wp-block-list\">\n<li>Sukces na etapie 5 (To\u017csamo\u015b\u0107 a pomieszanie r\u00f3l) sprzyja osobistemu spe\u0142nieniu.<\/li>\n\n\n\n<li>Refleksja na etapie 8 (Integralno\u015b\u0107 kontra rozpacz) pomaga osi\u0105gn\u0105\u0107 duchowy rozw\u00f3j.<\/li>\n<\/ul>\n\n<h3 class=\"wp-block-heading\">Wk\u0142ad osobisty i spo\u0142eczny<\/h3>\n\n<p>Etapy takie jak Generatywno\u015b\u0107 vs. Stagnacja (Etap 7) k\u0142ad\u0105 nacisk na wnoszenie znacz\u0105cego wk\u0142adu w spo\u0142ecze\u0144stwo, sprzyjaj\u0105c zar\u00f3wno osobistej satysfakcji, jak i rozwojowi zawodowemu.<\/p>\n\n<hr class=\"wp-block-separator has-alpha-channel-opacity\"\/>\n\n<h2 class=\"wp-block-heading\">Cztery etapy rozwoju osobistego<\/h2>\n\n<p>Podczas gdy teoria Eriksona nakre\u015bla osiem etap\u00f3w, rozw\u00f3j osobisty jest cz\u0119sto upraszczany do <strong>czterech etap\u00f3w<\/strong>:<\/p>\n\n<ol class=\"wp-block-list\">\n<li><strong>Samoocena<\/strong>: Zrozumienie mocnych i s\u0142abych stron.<\/li>\n\n\n\n<li><strong>Wyznaczanie cel\u00f3w<\/strong>: Definiowanie warto\u015bci i cel\u00f3w.<\/li>\n\n\n\n<li><strong>Plan dzia\u0142ania<\/strong>: Podejmowanie konkretnych krok\u00f3w w celu rozwoju.<\/li>\n\n\n\n<li><strong>Refleksja i dostosowanie<\/strong>: Ocena post\u0119p\u00f3w i udoskonalanie cel\u00f3w.<\/li>\n<\/ol>\n\n<hr class=\"wp-block-separator has-alpha-channel-opacity\"\/>\n\n<h2 class=\"wp-block-heading\">Przemy\u015blenia ko\u0144cowe<\/h2>\n\n<p><strong>Rozw\u00f3j osobisty<\/strong> jest procesem trwaj\u0105cym ca\u0142e \u017cycie. Zrozumienie <strong>etap\u00f3w rozwoju cz\u0142owieka &#8211; od<\/strong>teorii Eriksona po uproszczone modele &#8211; mo\u017ce stanowi\u0107 map\u0119 drogow\u0105 do osi\u0105gni\u0119cia osobistego spe\u0142nienia, odporno\u015bci emocjonalnej i sensownego \u017cycia. <\/p>\n\n<p>Niezale\u017cnie od tego, czy koncentrujesz si\u0119 na <strong>rozwoju duchowym<\/strong>, <strong>inteligencji emocjonalnej<\/strong> czy <strong>rozwoju spo\u0142ecznym<\/strong>, ka\u017cdy etap oferuje mo\u017cliwo\u015bci prowadz\u0105ce do wi\u0119kszego sukcesu i celu w \u017cyciu. Potraktuj te etapy jako kamienie milowe na drodze do stania si\u0119 najlepszym sob\u0105. <\/p>\n\n<p><\/p>\n","protected":false},"excerpt":{"rendered":"<p>Zrozumienie etap\u00f3w rozwoju osobistego jest kluczem do osi\u0105gni\u0119cia osobistego i emocjonalnego spe\u0142nienia. Jedn\u0105 z najg\u0142\u0119bszych ram do badania tych etap\u00f3w jest teoria rozwoju psychospo\u0142ecznego Erika Eriksona, kt\u00f3ra przedstawia osiem etap\u00f3w rozwoju psychospo\u0142ecznego od niemowl\u0119ctwa do p\u00f3\u017anej doros\u0142o\u015bci. Etapy te podkre\u015blaj\u0105 podr\u00f3\u017c ludzkiego rozwoju, k\u0142ad\u0105c nacisk na to, jak radzimy sobie z wyzwaniami i mo\u017cliwo\u015bciami przez [&hellip;]<\/p>\n","protected":false},"author":1,"featured_media":4378,"comment_status":"open","ping_status":"open","sticky":false,"template":"","format":"standard","meta":{"footnotes":""},"categories":[121,131],"tags":[],"class_list":["post-4832","post","type-post","status-publish","format-standard","has-post-thumbnail","hentry","category-duchowosc","category-rozwoj-osobisty"],"_links":{"self":[{"href":"https:\/\/brandliebe.com\/pl\/wp-json\/wp\/v2\/posts\/4832","targetHints":{"allow":["GET"]}}],"collection":[{"href":"https:\/\/brandliebe.com\/pl\/wp-json\/wp\/v2\/posts"}],"about":[{"href":"https:\/\/brandliebe.com\/pl\/wp-json\/wp\/v2\/types\/post"}],"author":[{"embeddable":true,"href":"https:\/\/brandliebe.com\/pl\/wp-json\/wp\/v2\/users\/1"}],"replies":[{"embeddable":true,"href":"https:\/\/brandliebe.com\/pl\/wp-json\/wp\/v2\/comments?post=4832"}],"version-history":[{"count":1,"href":"https:\/\/brandliebe.com\/pl\/wp-json\/wp\/v2\/posts\/4832\/revisions"}],"predecessor-version":[{"id":4833,"href":"https:\/\/brandliebe.com\/pl\/wp-json\/wp\/v2\/posts\/4832\/revisions\/4833"}],"wp:featuredmedia":[{"embeddable":true,"href":"https:\/\/brandliebe.com\/pl\/wp-json\/wp\/v2\/media\/4378"}],"wp:attachment":[{"href":"https:\/\/brandliebe.com\/pl\/wp-json\/wp\/v2\/media?parent=4832"}],"wp:term":[{"taxonomy":"category","embeddable":true,"href":"https:\/\/brandliebe.com\/pl\/wp-json\/wp\/v2\/categories?post=4832"},{"taxonomy":"post_tag","embeddable":true,"href":"https:\/\/brandliebe.com\/pl\/wp-json\/wp\/v2\/tags?post=4832"}],"curies":[{"name":"wp","href":"https:\/\/api.w.org\/{rel}","templated":true}]}}